{"id":294,"date":"2019-05-17T08:30:01","date_gmt":"2019-05-17T08:30:01","guid":{"rendered":"http:\/\/www.iescarmenpantion.es\/?p=294"},"modified":"2019-05-17T08:30:04","modified_gmt":"2019-05-17T08:30:04","slug":"microrrelatos-ganadores-2019","status":"publish","type":"post","link":"https:\/\/www.iescarmenpantion.es\/?p=294","title":{"rendered":"Microrrelatos ganadores 2019"},"content":{"rendered":"\n<p>Como\nos prometimos en el acto de clausura del X Certamen de Microrrelatos, os\ntraemos a nuestra web los premiados.<\/p>\n\n\n\n<p>El\ncertamen se estructura en tres partes: en primer lugar, la ejecuci\u00f3n del\nmicrorrelato por todos los alumnos del centro como parte de la did\u00e1ctica de la\nmateria, el tema de este a\u00f1o 2019 fue \u201cSUE\u00d1OS\u201d; en segundo lugar,&nbsp; la primera selecci\u00f3n con aquellos&nbsp; que se presentan a la primera fase del\ncertamen;&nbsp; y, en tercer lugar,&nbsp; los seleccionados de la primera fase del\nCertamen acuden a una prueba en la cual se homenajea al premio Cervantes con\nuna selecci\u00f3n de versos o fragmentos a partir de la cual los alumnados\nclasificados de la primera fase deben elaborar en una hora su microrrelato\nfinal.<\/p>\n\n\n\n<p>A\ncontinuaci\u00f3n os dejamos las dos selecciones: la primera corresponde a los\nalumnos clasificados en la primera fase del Certamen y la segunda corresponde a\nlos ganadores de la D\u00e9cima Edici\u00f3n de Microrrelatos.<\/p>\n\n\n\n<p>CLASIFICADOS 1\u00aa FASE MICRORRELATOS\n\u201cIES Carmen Panti\u00f3n\u201d 2019<\/p>\n\n\n\n<p><strong>Clasificados 1\u00ba fase&nbsp;&nbsp; &nbsp;1\u00ba y\n2\u00ba ESO<\/strong><\/p>\n\n\n\n<p>DESPIERTA&nbsp;&nbsp;&nbsp;&nbsp;&nbsp;&nbsp;&nbsp;&nbsp;&nbsp;&nbsp;&nbsp;&nbsp;&nbsp;&nbsp;&nbsp;&nbsp;&nbsp;&nbsp;&nbsp;&nbsp;&nbsp;&nbsp;&nbsp;&nbsp;&nbsp;&nbsp;&nbsp;&nbsp;&nbsp;&nbsp;&nbsp;&nbsp;&nbsp;&nbsp;&nbsp;&nbsp;&nbsp;&nbsp;&nbsp; Nora\nGarc\u00eda Jim\u00e9nez &nbsp;&nbsp;&nbsp;&nbsp;&nbsp;&nbsp;1\u00ba ESO A<\/p>\n\n\n\n<p>&nbsp;&nbsp;&nbsp;&nbsp;&nbsp;&nbsp;&nbsp;&nbsp;&nbsp;&nbsp;&nbsp;&nbsp;&nbsp;&nbsp;&nbsp;&nbsp;&nbsp;&nbsp;&nbsp;&nbsp;&nbsp;&nbsp;&nbsp;&nbsp;&nbsp;&nbsp;&nbsp;&nbsp;&nbsp;&nbsp;&nbsp;&nbsp;&nbsp;&nbsp;&nbsp;&nbsp;&nbsp;&nbsp;&nbsp;&nbsp;&nbsp;&nbsp;&nbsp;&nbsp;&nbsp;&nbsp;&nbsp;&nbsp;&nbsp;&nbsp;&nbsp;&nbsp;&nbsp;&nbsp;&nbsp;&nbsp;&nbsp;&nbsp;&nbsp;&nbsp;&nbsp;&nbsp;&nbsp;&nbsp;&nbsp;&nbsp;&nbsp;&nbsp;&nbsp;&nbsp;&nbsp;&nbsp;&nbsp;&nbsp;&nbsp;&nbsp;&nbsp;&nbsp;&nbsp;&nbsp;&nbsp;&nbsp;&nbsp;&nbsp;&nbsp;&nbsp;&nbsp;&nbsp;&nbsp;&nbsp;&nbsp;&nbsp;&nbsp;&nbsp;&nbsp;&nbsp;&nbsp;&nbsp;&nbsp;&nbsp;&nbsp;&nbsp;&nbsp;&nbsp;&nbsp;&nbsp;&nbsp;\n&nbsp;&nbsp;(IES Fernando III el Santo)<\/p>\n\n\n\n<p>&nbsp;SU MAYOR SUE\u00d1O&nbsp;&nbsp;&nbsp;&nbsp;&nbsp;&nbsp;&nbsp;&nbsp;&nbsp;&nbsp;&nbsp;&nbsp;&nbsp;&nbsp;&nbsp;&nbsp;&nbsp;&nbsp;&nbsp;&nbsp;&nbsp;&nbsp;&nbsp;&nbsp; Sara C\u00f3rdoba\nC\u00e1ceres&nbsp;&nbsp;&nbsp; 2\u00ba ESO A&nbsp; IES Carmen Panti\u00f3n<\/p>\n\n\n\n<p>ELLA&nbsp;&nbsp; &nbsp;&nbsp;&nbsp;&nbsp;&nbsp;&nbsp;&nbsp;&nbsp;&nbsp;&nbsp;&nbsp;&nbsp;&nbsp;&nbsp;&nbsp;&nbsp;&nbsp;&nbsp;&nbsp;&nbsp;&nbsp;&nbsp;&nbsp;&nbsp;&nbsp;&nbsp;&nbsp;&nbsp;&nbsp;&nbsp;&nbsp;&nbsp;&nbsp;&nbsp;&nbsp;&nbsp;&nbsp;&nbsp;&nbsp;&nbsp;&nbsp;&nbsp;&nbsp;&nbsp;&nbsp;&nbsp;&nbsp;&nbsp;&nbsp;Mar\u00eda Jim\u00e9nez\nRamos &nbsp;&nbsp;&nbsp;2\u00ba ESO A&nbsp; IES Carmen Panti\u00f3n<\/p>\n\n\n\n<p>\u00bfSOLO\nES UN SUE\u00d1O, VERDAD? &nbsp;&nbsp;&nbsp;Laura M\u00e9rida P\u00e9rez &nbsp;&nbsp;&nbsp;&nbsp;&nbsp;&nbsp;&nbsp;&nbsp;2\u00ba ESO C IES Carmen Panti\u00f3n<\/p>\n\n\n\n<p>TE\nQUIERO&nbsp;\n&nbsp;&nbsp;&nbsp;&nbsp;&nbsp;&nbsp;&nbsp;&nbsp;&nbsp;&nbsp;&nbsp;&nbsp;&nbsp;&nbsp;&nbsp;&nbsp;&nbsp;&nbsp;&nbsp;&nbsp;&nbsp;&nbsp;&nbsp;&nbsp;&nbsp;&nbsp;&nbsp;&nbsp;&nbsp;&nbsp;&nbsp;&nbsp;&nbsp;&nbsp;&nbsp;&nbsp;&nbsp;&nbsp;&nbsp;&nbsp;Carmen\n\u00c1vila Jim\u00e9nez&nbsp; &nbsp;&nbsp;&nbsp;2\u00ba ESO &nbsp;&nbsp;&nbsp;&nbsp;&nbsp;&nbsp;&nbsp;&nbsp;&nbsp;&nbsp;&nbsp;&nbsp;&nbsp;&nbsp;&nbsp;&nbsp;&nbsp;&nbsp;&nbsp;&nbsp;&nbsp;&nbsp;&nbsp;&nbsp;&nbsp;&nbsp;&nbsp;&nbsp;&nbsp;&nbsp;&nbsp;&nbsp;&nbsp;&nbsp;&nbsp;&nbsp;&nbsp;&nbsp;&nbsp;&nbsp;&nbsp;&nbsp;&nbsp;&nbsp;&nbsp;&nbsp;&nbsp;&nbsp;&nbsp;&nbsp;&nbsp;&nbsp;&nbsp;&nbsp;&nbsp;&nbsp;&nbsp;&nbsp;&nbsp;&nbsp;&nbsp;&nbsp;&nbsp;&nbsp;&nbsp;&nbsp;&nbsp;&nbsp;&nbsp;&nbsp;<\/p>\n\n\n\n<p>&nbsp;&nbsp;&nbsp;&nbsp;&nbsp;&nbsp;&nbsp;&nbsp;&nbsp;&nbsp;&nbsp;&nbsp;&nbsp;&nbsp;&nbsp;&nbsp;&nbsp;&nbsp;&nbsp;&nbsp;&nbsp;&nbsp;&nbsp;&nbsp;&nbsp;&nbsp;&nbsp;&nbsp;&nbsp;&nbsp;&nbsp;&nbsp;&nbsp;&nbsp;&nbsp;&nbsp;&nbsp;&nbsp;&nbsp;&nbsp;&nbsp;&nbsp;&nbsp;&nbsp;&nbsp;&nbsp;&nbsp;&nbsp;&nbsp;&nbsp;&nbsp;&nbsp;&nbsp;&nbsp;&nbsp;&nbsp;&nbsp;&nbsp;&nbsp;\n&nbsp;&nbsp;&nbsp;&nbsp;&nbsp;&nbsp;&nbsp;&nbsp;&nbsp;&nbsp;&nbsp;&nbsp;&nbsp;&nbsp;&nbsp;&nbsp;&nbsp;&nbsp;&nbsp;&nbsp;&nbsp;&nbsp;(Colegio\nNuestra Se\u00f1ora de las Angustias)<\/p>\n\n\n\n<p><strong>DESPIERTA<\/strong><\/p>\n\n\n\n<p>Y\nfue cuando entonces cerr\u00e9 los ojos y entre en aquel mundo. Estaba en un sitio\nraro, parec\u00eda una ciudad distinta, en la que las flores eran negras, la luz era\nmi sombra, la que me persegu\u00eda. Intent\u00e9 salir de all\u00ed pero no pude. No hab\u00eda\nnadie, solo yo y ten\u00eda miedo. Grit\u00e9 varias veces con la esperanza de que vinieses\na por m\u00ed, pero no lo hiciste.<\/p>\n\n\n\n<p>&nbsp;\u2013Jorge, Jorge, Jorge \u00bfest\u00e1s ah\u00ed?- <\/p>\n\n\n\n<p>No\nescuch\u00e9 nada. Estaba sola, andando, sin entender nada de lo que estaba pasando.\nJusto en la esquina escuch\u00e9 varios ruidos muy cerca de m\u00ed pero segu\u00ed hacia\ndelante. Cada vez los ruidos eran m\u00e1s fuertes y yo estaba m\u00e1s asustada.<\/p>\n\n\n\n<p>&nbsp;-La sombra, no est\u00e1 \u2013 Pens\u00e9 con el miedo a que\nno pudiese salir de esta cosa en la que estaba metida, \u00bfun sue\u00f1o? \u00bfun mundo\nparalelo?&#8230; Segu\u00ed andando muy decidida a que iba a poder salir de aqu\u00ed\nignorando todos los ruidos. Y all\u00ed estabas, sentado me abrac\u00e9 a ti con fuerza,\npero tu mirada\u2026 no era la misma \u00bferas t\u00fa?.<\/p>\n\n\n\n<p>-Despierta, Despierta- Abr\u00ed los ojos, ah\u00ed estabas, a\nmi lado como siempre en la cama, todo era normal pero\u2026entonces, \u00bfd\u00f3nde estaba?<\/p>\n\n\n\n<p><em>Nora\nGarc\u00eda Jim\u00e9nez<\/em>&nbsp;&nbsp; 1\u00baESO A&nbsp;&nbsp;&nbsp;&nbsp;&nbsp;&nbsp;&nbsp;&nbsp;&nbsp;&nbsp;&nbsp; IES Fernando III el Santo<\/p>\n\n\n\n<p><strong>&nbsp;SU MAYOR SUE\u00d1O<\/strong><\/p>\n\n\n\n<p>Abro los ojos lentamente acostumbr\u00e1ndome a la luz que\nalumbra el cuarto. Mark est\u00e1 dormido tiernamente a mi lado. Me quedo embobado\nvi\u00e9ndolo mientras recuerdo todo lo que hemos pasado para estar juntos. Miro el\nreloj que me hab\u00eda regalado en mi cumplea\u00f1os, marca las 8:27 de la ma\u00f1ana, y\ndecido despertarle con un beso. Nos miramos a los ojos y sonre\u00edmos. Nos\nlevantamos y nos preparamos para ir a la universidad. Cuando llegamos al\nedificio cogidos de la mano, soltamos nuestras cosas en las mesas y hablamos\ncon nuestros amigos. \u201cSin insultos, sin golpes, sin discriminaci\u00f3n\u201d escribi\u00f3\nJohn. Su profesora de Lengua y Literatura les hab\u00eda propuesto un proyecto: una\nredacci\u00f3n sobre su mayor sue\u00f1o. Esa era la suya.<\/p>\n\n\n\n<p><em>&nbsp;Sara C\u00f3rdoba C\u00e1ceres<\/em>&nbsp; &nbsp;&nbsp;&nbsp;&nbsp;&nbsp;&nbsp;2\u00ba\nESO A&nbsp;&nbsp; IES Carmen Panti\u00f3n<\/p>\n\n\n\n<p><strong>ELLA<\/strong><\/p>\n\n\n\n<p>Emma sonri\u00f3 levemente mientras sus mejillas se\nte\u00f1\u00edan de un rojo intenso. Sus ojos brillaban bajo la tenue luz de la luna,\npareciendo as\u00ed dos canicas verdes observ\u00e1ndome en la oscuridad. Llevaba un\nvestido de color salm\u00f3n, resaltando sus labios, perfecto para esa noche de\nverano. Agarr\u00e9 su mano, intentando mantener una conexi\u00f3n con ella. Mi pulso se\nhab\u00eda acelerado en pocos segundos, y sent\u00eda un gran escozor en la vista (viendo\ntodo borroso). La botella de alcohol estaba vac\u00eda y un gran dolor en el pecho\nme carcom\u00eda por dentro. Ella era la causa de mis risas, el motivo de mi\nfelicidad, la raz\u00f3n de vivir. Y ahora, encallado en un mar de tristeza donde\ntemo ahogarme, pensar\u00e9 en ella como la estrella m\u00e1s brillante de todas,\niluminando mis pesadillas a la hora de la soledad. Porque, despu\u00e9s de todo, era\nyo el juez que la encarcel\u00f3 como p\u00e1jaro cantor en jaula de plata. Era yo, el\nmonstruo que intent\u00f3 olvidar a la persona que m\u00e1s amaba.<\/p>\n\n\n\n<p><em>Mar\u00eda\nJim\u00e9nez Ramos<\/em> &nbsp;&nbsp;&nbsp;&nbsp;&nbsp;&nbsp;2\u00ba\nESO A&nbsp;&nbsp;&nbsp;&nbsp;&nbsp; IES Carmen Panti\u00f3n<\/p>\n\n\n\n<p><strong>\u00bfSOLO ES UN\nSUE\u00d1O, VERDAD?<\/strong><\/p>\n\n\n\n<p>&nbsp;Desde\nla ausencia de Ren, mi vida pas\u00f3 a ser un lienzo vac\u00edo y expuesto en una\nl\u00fagubre galer\u00eda sin p\u00fablico. Agotada, me dej\u00e9 caer en la cama y al abrir mis\nojos me encontraba fuera, en la nieve fr\u00eda. A lo lejos pude divisar a un zorro\naullando de dolor con una herida en la pata izquierda. Con una expresi\u00f3n de\npreocupaci\u00f3n en mi rostro e intentando no estremecerme, fui corriendo a\nvendarlo. Al ver ese zorro, no pude evitar recordar a Ren. Despu\u00e9s de unos\ncinco minutos, despert\u00e9 repentinamente y escuch\u00e9 unas pisadas en la planta\nbaja. Impulsada por la curiosidad baj\u00e9 las escaleras y all\u00ed estaba \u00e9l. Ren\ncorri\u00f3 hacia m\u00ed y juntos nos sumimos en un tierno abrazo. Le ech\u00e9 un vistazo y\npude observar que ten\u00eda una herida exactamente igual que la que ten\u00eda el\nzorro.&nbsp; <\/p>\n\n\n\n<p><em>Laura M\u00e9rida P\u00e9rez<\/em>&nbsp;&nbsp;&nbsp; 2\u00ba\nESO C&nbsp;&nbsp;&nbsp;&nbsp; I.E.S Carmen Panti\u00f3n <\/p>\n\n\n\n<p><strong>TE\nQUIERO <\/strong><\/p>\n\n\n\n<p>Acaba de sonar la alarma, son las 7:00 y me tengo que\nir al instituto. Hoy he tenido un sue\u00f1o muy raro y no s\u00e9 si mi d\u00eda estar\u00e1\nrelacionado con todo esto. Elimino las ideas y me dispongo a salir por la\npuerta. Hoy el sol brilla, la gente saluda alegremente y a pesar de ser tan\nsolo las 8:15 parece una tarde de verano. Llego al instituto y todo es\nperfecto, me inundo en los abrazos de mis amigos mientras que la campana nos\nindica que ya es la hora. Todo parece demasiado bonito, respecto a los otros\nd\u00edas y entonces me acuerdo de que as\u00ed era mi sue\u00f1o. De repente alguien me\nabraza por detr\u00e1s mientras que me susurra un breve pero a la vez precioso \u00abte\nquiero\u00b4\u00b4 mientras que yo me voy dando cuenta de lo que parece ser un sue\u00f1o\ndentro de otro sue\u00f1o.<\/p>\n\n\n\n<p><em>Carmen \u00c1vila Jim\u00e9nez<\/em>&nbsp;&nbsp;&nbsp; 2\u00ba ESO&nbsp; Colegio Nuestra Se\u00f1ora de las Angustias<\/p>\n\n\n\n<p><a>El siguiente microrrelato no pas\u00f3 la primera\nfase pero fue seleccionado para su lectura en la ceremonia de clausura<\/a><\/p>\n\n\n\n<p><strong>&nbsp;EL\nSUE\u00d1O DE MARTIN(A)<\/strong><\/p>\n\n\n\n<p>Martin(a)\ntiene 13 a\u00f1os. Desde peque\u00f1a no le han gustado las mu\u00f1ecas, ni los vestidos y\nmucho menos el color rosa. Siempre ha sido \u201cel bicho raro\u00bb. Hoy en clase\nde valores han hablado de los sue\u00f1os.<\/p>\n\n\n\n<p>-Martin(a),\n\u00bfCu\u00e1l es tu sue\u00f1o? -le pregunt\u00f3 la profesora.<\/p>\n\n\n\n<p>-Sue\u00f1o con un\nmundo en el que reine la empat\u00eda, la comprensi\u00f3n, la tolerancia y la aceptaci\u00f3n\nde la diversidad.<\/p>\n\n\n\n<p>Su profesora\nlo entendi\u00f3 todo, a Martin(a) le sobraba la \u201ca\u201d.<\/p>\n\n\n\n<p>&nbsp;Luc\u00eda Castro Fern\u00e1ndez&nbsp; 2\u00ba ESO B&nbsp;&nbsp;\nIES Carmen Panti\u00f3n<\/p>\n\n\n\n<p><strong>Clasificados\n3\u00ba y 4\u00ba ESO<\/strong><\/p>\n\n\n\n<p>SUE\u00d1OS LIBERADORES &nbsp;&nbsp;&nbsp;&nbsp;&nbsp;&nbsp;Luc\u00eda Aguilera Pareja&nbsp;&nbsp;&nbsp;&nbsp;&nbsp;&nbsp;&nbsp;&nbsp;&nbsp;&nbsp;&nbsp;&nbsp;&nbsp; &nbsp;3\u00baESO &nbsp;&nbsp;&nbsp;&nbsp;&nbsp;&nbsp;&nbsp;<\/p>\n\n\n\n<p>&nbsp;&nbsp;&nbsp;&nbsp;&nbsp;&nbsp;&nbsp;&nbsp;&nbsp;&nbsp;&nbsp;&nbsp;&nbsp;&nbsp;&nbsp;&nbsp;&nbsp;&nbsp;&nbsp;&nbsp;&nbsp;&nbsp;&nbsp;&nbsp;&nbsp;&nbsp;&nbsp;&nbsp;&nbsp;&nbsp;&nbsp;&nbsp;&nbsp;&nbsp;&nbsp;&nbsp;&nbsp;&nbsp;&nbsp;&nbsp;&nbsp;&nbsp;&nbsp;&nbsp;&nbsp;&nbsp;&nbsp;&nbsp;&nbsp;&nbsp;&nbsp;&nbsp;&nbsp;&nbsp;&nbsp;&nbsp;&nbsp;&nbsp;&nbsp;&nbsp;&nbsp;&nbsp;&nbsp;&nbsp;&nbsp;&nbsp;&nbsp;&nbsp;&nbsp;&nbsp;&nbsp;&nbsp;&nbsp;&nbsp;&nbsp;&nbsp;&nbsp;&nbsp;&nbsp;&nbsp;&nbsp;\nColegio Nuestra Se\u00f1ora de las Angustias<\/p>\n\n\n\n<p>ABRIL&nbsp;&nbsp;&nbsp;&nbsp;&nbsp;&nbsp;&nbsp;&nbsp;&nbsp;&nbsp;&nbsp;&nbsp;&nbsp;&nbsp;&nbsp;&nbsp;&nbsp;&nbsp;&nbsp;&nbsp;&nbsp;&nbsp;&nbsp;&nbsp;&nbsp;&nbsp;&nbsp;&nbsp;&nbsp;&nbsp;&nbsp;&nbsp;&nbsp;&nbsp;&nbsp;&nbsp; Encarni\nJim\u00e9nez Ortega&nbsp;&nbsp;&nbsp;&nbsp;&nbsp;&nbsp;&nbsp;&nbsp; 4\u00baESO A&nbsp;&nbsp;&nbsp;&nbsp; IES Carmen Panti\u00f3n<\/p>\n\n\n\n<p>SUE\u00d1O PREMONITORIO&nbsp;&nbsp;&nbsp;&nbsp; M\u00aa\nCarmen Rosa Gonz\u00e1lez&nbsp;&nbsp;&nbsp; 4\u00ba ESO B&nbsp;&nbsp;&nbsp; IES Carmen Panti\u00f3n<\/p>\n\n\n\n<p>LA SIENTO&nbsp;&nbsp;&nbsp;&nbsp;&nbsp;&nbsp;&nbsp;&nbsp;&nbsp;&nbsp;&nbsp;&nbsp;&nbsp;&nbsp;&nbsp;&nbsp;&nbsp;&nbsp;&nbsp;&nbsp;&nbsp;&nbsp;&nbsp;&nbsp;&nbsp;&nbsp;&nbsp;&nbsp; Anabel L\u00f3pez\nMoral&nbsp;&nbsp;&nbsp;&nbsp;&nbsp;&nbsp;&nbsp;&nbsp;&nbsp;&nbsp;&nbsp;&nbsp;&nbsp;&nbsp; 4\u00ba ESO C&nbsp;&nbsp;&nbsp; IES Carmen Panti\u00f3n<\/p>\n\n\n\n<p><strong>SUE\u00d1OS\nLIBERADORES<\/strong><\/p>\n\n\n\n<p>Despert\u00f3 en un universo totalmente paralelo, donde\ntodos sus deseos m\u00e1s profundos estaban presentes y donde sus mejores sue\u00f1os se\nhab\u00edan hecho realidad. Pero no todo pod\u00eda ser bueno. De repente alz\u00f3 la mirada\ny a lo lejos se encontraba \u00e9l, esa persona que tanto dolor le hab\u00eda causado. El\ncielo comenz\u00f3 a tronar, ella no se detuvo, quiso poner fin, quiso matar a sus\ndemonios. Se llen\u00f3 de valor agarr\u00f3 con fuerza la empu\u00f1adura de su espada y la\nclav\u00f3 en el coraz\u00f3n de aquella sombra oscura que tanto sufrimiento dejaba a su\npaso. Las nubes desaparecieron, el sol alumbraba sus manos llenas de sangre,\nsangre que la retuvo prisionera durante tanto tiempo. Su coraz\u00f3n lat\u00eda m\u00e1s\nr\u00e1pido que nunca, por fin era libre. Por fin volvi\u00f3 a respirar.<\/p>\n\n\n\n<p><em>Luc\u00eda\nAguilera Pareja<\/em> &nbsp;&nbsp;&nbsp;&nbsp;&nbsp;&nbsp;3\u00ba ESO&nbsp;&nbsp;\nColegio Nuestra Se\u00f1ora de las Angustias<\/p>\n\n\n\n<p><strong>ABRIL<\/strong><\/p>\n\n\n\n<p>Me hab\u00eda pasado\ntoda la noche pensando en \u00e9l. Mis ojos estaban hinchados y estaba un poco\nmareada. No lo quer\u00eda aceptar, aquello no era real. Ni siquiera se me hac\u00eda\nf\u00e1cil, nunca me gustaron las despedidas, nunca quise despedirme. Pero aquello\nme atormentaba, solo quer\u00eda ver su rostro una vez m\u00e1s y decirle un hasta\nsiempre, calmando as\u00ed el vac\u00edo que sent\u00eda en todo mi ser.<\/p>\n\n\n\n<p>&nbsp;Y aquella noche so\u00f1\u00e9 con \u00e9l. Con \u00e9l frente a\nm\u00ed, mir\u00e1ndome sonriente, con una mano alzada, pronunciando mi nombre una vez\nm\u00e1s. <\/p>\n\n\n\n<p>&nbsp;Puedo jurar que de pronto, esa noche, algo en\nm\u00ed se prendi\u00f3. Pude sentir algo m\u00e1s all\u00e1 de la melancol\u00eda que me hab\u00eda evadido\ndurante tantos meses y eso me reconfortaba. Tambi\u00e9n, me hizo aceptar, que aun\nno siendo la materia imprescindible era lo \u00fanico que me hac\u00eda llegar hacia \u00e9l,\nya que ahora no es m\u00e1s que polvo y energ\u00eda, solo me queda so\u00f1ar.<\/p>\n\n\n\n<p><em>Encarni Jim\u00e9nez Ortega<\/em> &nbsp;&nbsp;&nbsp;&nbsp;4\u00baESO A&nbsp;&nbsp;&nbsp;\nIES Carmen Panti\u00f3n<\/p>\n\n\n\n<p><strong>SUE\u00d1O\nPREMONITORIO<\/strong><\/p>\n\n\n\n<p>Caminando por aquel lugar que no recuerdo, vislumbr\u00e9 a\nlo lejos unas sombras. M\u00e1s&nbsp; tarde, un\ngrito y un estruendo rompieron el silencio de la noche. Me acerqu\u00e9 al lugar, en\nel suelo yac\u00eda un anciano con una herida de bala. Alguien le hab\u00eda disparado.\nSegu\u00eda respirando y su coraz\u00f3n&nbsp; lat\u00eda&nbsp; lentamente. De repente, me di cuenta de que\nde mi pecho afloraba sangre tambi\u00e9n y ten\u00eda una pistola en la mano, la \u00fanica\ndiferencia es que yo no sent\u00eda dolor. Pocos minutos despu\u00e9s lleg\u00f3 la polic\u00eda,\nintent\u00e9 contactar con ellos pero&nbsp; parec\u00eda&nbsp; que no exist\u00eda. El anciano balbuceaba:<\/p>\n\n\n\n<p>-Joven Mike, hasta en los sue\u00f1os tu pasado puede\ncambiar tu futuro.<\/p>\n\n\n\n<p>Y el viejo Mike cerr\u00f3 los ojos para siempre, fue ah\u00ed\ncuando comprend\u00ed lo que acababa de hacer.<\/p>\n\n\n\n<p><em>M\u00aa Carmen Rosa\nGonz\u00e1lez<\/em> &nbsp;&nbsp;&nbsp;4\u00ba ESO B&nbsp;&nbsp;\nIES Carmen Panti\u00f3n<\/p>\n\n\n\n<p><strong>&nbsp;LA SIENTO<\/strong><\/p>\n\n\n\n<p>Siempre la quise sorprender. Siempre pens\u00e9 en c\u00f3mo\nser\u00eda su cara, c\u00f3mo ser\u00eda mirar en el interior de sus ojos y contemplar el\ntiempo detenerse. Pero soy ciego y aunque ella estuvo ah\u00ed, ofreci\u00e9ndome su\nmano, s\u00e9 que lloraba por m\u00ed. Juro que pod\u00eda ver sus l\u00e1grimas invisibles. Ahora\nmismo, se halla a mi lado, en silencio. Todo est\u00e1 en silencio y es horrible,\npues lo siento ensordecedor. \u00bfQu\u00e9 ser\u00e1 lo que est\u00e1 mirando? \u00bfSer\u00e1 tan bello\ncomo ella? Siento una l\u00e1grima caer por mi rostro deline\u00e1ndolo. Unos peque\u00f1os\nsollozos se me escapan y me tiemblan los labios ya arrugados por la vejez. La\nsiento, me coge de la mano y suspira, pesadamente, dici\u00e9ndome en un hilo de\nvoz:<\/p>\n\n\n\n<p>-Ojal\u00e1 no viera lo que veo cada d\u00eda y viera la\nvida como t\u00fa la ves, amor m\u00edo, ojal\u00e1\u2026<\/p>\n\n\n\n<p>Un escalofr\u00edo me sacude y siento que mi\ncoraz\u00f3n se detiene por primera vez y para siempre. Creo que, puedo irme\nsabiendo que, aunque no he visto nada, lo he sentido todo.<\/p>\n\n\n\n<p><a><em>Anabel L\u00f3pez Moral<\/em><\/a>&nbsp;&nbsp;&nbsp; &nbsp;4\u00ba&nbsp; ESO C&nbsp;&nbsp;\nIES Carmen Panti\u00f3n<\/p>\n\n\n\n<p>(este microrrelato fue tambi\u00e9n\nseleccionado para su lectura en la ceremonia de clausura)<\/p>\n\n\n\n<p><strong>Clasificados&nbsp;&nbsp; BACHILLERATO-Ciclos Formativos Grado\nSuperior<\/strong><\/p>\n\n\n\n<p>NACER Y \u2026&nbsp;&nbsp; &nbsp;&nbsp;&nbsp;&nbsp;&nbsp;&nbsp;&nbsp;&nbsp;&nbsp;&nbsp;&nbsp;&nbsp;&nbsp;&nbsp;&nbsp;&nbsp;&nbsp;&nbsp;&nbsp;&nbsp;&nbsp;&nbsp;&nbsp;&nbsp;&nbsp;&nbsp;&nbsp;&nbsp;&nbsp;&nbsp;&nbsp;&nbsp;&nbsp;&nbsp;&nbsp;&nbsp;&nbsp;Alicia\nRuiz Lozano&nbsp; 1\u00ba Bach. CT&nbsp;&nbsp;&nbsp;&nbsp; IES Carmen Panti\u00f3n<\/p>\n\n\n\n<p>SO\u00d1AR &nbsp;&nbsp;&nbsp;&nbsp;&nbsp;&nbsp;&nbsp;&nbsp;&nbsp;&nbsp;&nbsp;&nbsp;&nbsp;&nbsp;&nbsp;&nbsp;&nbsp;&nbsp;&nbsp;&nbsp;&nbsp;&nbsp;&nbsp;&nbsp;&nbsp;&nbsp;&nbsp;&nbsp;&nbsp;&nbsp;&nbsp;&nbsp;&nbsp;&nbsp;&nbsp;&nbsp;&nbsp;&nbsp;&nbsp;&nbsp;&nbsp;&nbsp;&nbsp;&nbsp;&nbsp;Ana\nM\u00aa Jim\u00e9nez S\u00e1nchez &nbsp;&nbsp;&nbsp;1\u00baBach. <\/p>\n\n\n\n<p>&nbsp;&nbsp;&nbsp;&nbsp;&nbsp;&nbsp;&nbsp;&nbsp;&nbsp;&nbsp;&nbsp;&nbsp;&nbsp;&nbsp;&nbsp;&nbsp;&nbsp;&nbsp;&nbsp;&nbsp;&nbsp;&nbsp;&nbsp;&nbsp;&nbsp;&nbsp;&nbsp;&nbsp;&nbsp;&nbsp;&nbsp;&nbsp;&nbsp;&nbsp;&nbsp;&nbsp;&nbsp;&nbsp;&nbsp;&nbsp;&nbsp;&nbsp;&nbsp;&nbsp;&nbsp;&nbsp;&nbsp;&nbsp;&nbsp;&nbsp;&nbsp;&nbsp;&nbsp;&nbsp;&nbsp;&nbsp;&nbsp;&nbsp;&nbsp;&nbsp;&nbsp;&nbsp;&nbsp;&nbsp;&nbsp;&nbsp;&nbsp;&nbsp;&nbsp;&nbsp;&nbsp;&nbsp;&nbsp;&nbsp;&nbsp;&nbsp;&nbsp;&nbsp;&nbsp;&nbsp;&nbsp;&nbsp;&nbsp;&nbsp;&nbsp;&nbsp;&nbsp;&nbsp;&nbsp;&nbsp;&nbsp;&nbsp;&nbsp;&nbsp;&nbsp;&nbsp;&nbsp;&nbsp;&nbsp;&nbsp;&nbsp;&nbsp;&nbsp;&nbsp;&nbsp;&nbsp;&nbsp;&nbsp;&nbsp;&nbsp;&nbsp;&nbsp;\nIES Fernando III el Santo<\/p>\n\n\n\n<p>EL DIABLO ENTRE\nLAS S\u00c1BANAS &nbsp;Diego Hidalgo Delgado &nbsp;&nbsp;&nbsp;2\u00baBach. CT<\/p>\n\n\n\n<p>&nbsp;&nbsp;&nbsp;&nbsp;&nbsp;&nbsp;&nbsp;&nbsp;&nbsp;&nbsp;&nbsp;&nbsp;&nbsp;&nbsp;&nbsp;&nbsp;&nbsp;&nbsp;&nbsp;&nbsp;&nbsp;&nbsp;&nbsp;&nbsp;&nbsp;&nbsp;&nbsp;&nbsp;&nbsp;&nbsp;&nbsp;&nbsp;&nbsp;&nbsp;&nbsp;&nbsp;&nbsp;&nbsp;&nbsp;&nbsp;&nbsp;&nbsp;&nbsp;&nbsp;&nbsp;&nbsp;&nbsp;&nbsp;&nbsp;&nbsp;&nbsp;\n&nbsp;&nbsp;&nbsp;&nbsp;&nbsp;&nbsp;&nbsp;&nbsp;&nbsp;&nbsp;&nbsp;&nbsp;&nbsp;&nbsp;&nbsp;&nbsp;&nbsp;&nbsp;&nbsp;&nbsp;&nbsp;&nbsp;&nbsp;&nbsp;&nbsp;&nbsp;&nbsp;&nbsp;&nbsp;&nbsp;&nbsp;&nbsp;&nbsp;&nbsp;&nbsp;&nbsp;&nbsp;&nbsp;&nbsp;&nbsp;&nbsp;&nbsp;&nbsp;&nbsp;&nbsp;&nbsp;&nbsp;&nbsp;&nbsp;&nbsp;&nbsp;&nbsp;&nbsp;&nbsp;&nbsp;&nbsp;&nbsp;&nbsp;&nbsp;&nbsp;&nbsp;&nbsp;&nbsp;&nbsp;&nbsp;&nbsp;&nbsp;&nbsp;&nbsp;IES\nCarmen Panti\u00f3n<\/p>\n\n\n\n<p>EVALUACI\u00d3N\nPSICOL\u00d3GICA &nbsp;&nbsp;&nbsp;&nbsp;&nbsp;&nbsp;&nbsp;&nbsp;&nbsp;Jorge Cadenas del Llano Serrano 2\u00ba\nBach. CT<\/p>\n\n\n\n<p>&nbsp;&nbsp;&nbsp;&nbsp;&nbsp;&nbsp;&nbsp;&nbsp;&nbsp;&nbsp;&nbsp;&nbsp;&nbsp;&nbsp;&nbsp;&nbsp;&nbsp;&nbsp;&nbsp;&nbsp;&nbsp;&nbsp;&nbsp;&nbsp;&nbsp;&nbsp;&nbsp;&nbsp;&nbsp;&nbsp;&nbsp;&nbsp;&nbsp;&nbsp;&nbsp;&nbsp;&nbsp;&nbsp;&nbsp;&nbsp;&nbsp;&nbsp;&nbsp;&nbsp;&nbsp;&nbsp;&nbsp;&nbsp;&nbsp;&nbsp;&nbsp;&nbsp;&nbsp;&nbsp;&nbsp;&nbsp;&nbsp;&nbsp;&nbsp;&nbsp;&nbsp;&nbsp;&nbsp;&nbsp;&nbsp;&nbsp;&nbsp;&nbsp;&nbsp;&nbsp;&nbsp;&nbsp;&nbsp;&nbsp;&nbsp;&nbsp;&nbsp;&nbsp;&nbsp;&nbsp;&nbsp;&nbsp;&nbsp;&nbsp;&nbsp;&nbsp;&nbsp;&nbsp;&nbsp;&nbsp;&nbsp;\n&nbsp;&nbsp;&nbsp;&nbsp;&nbsp;&nbsp;&nbsp;&nbsp;&nbsp;&nbsp;&nbsp;&nbsp;&nbsp;&nbsp;&nbsp;&nbsp;&nbsp;&nbsp;&nbsp;&nbsp;&nbsp;&nbsp;&nbsp;&nbsp;&nbsp;&nbsp;&nbsp;&nbsp;&nbsp;IES\nCarmen Panti\u00f3n<\/p>\n\n\n\n<p>SUE\u00d1O TERMINAL&nbsp;&nbsp;&nbsp;&nbsp;&nbsp;&nbsp;&nbsp;&nbsp;&nbsp;&nbsp;&nbsp;&nbsp;&nbsp;&nbsp;&nbsp;&nbsp;&nbsp;&nbsp;&nbsp;&nbsp;&nbsp;&nbsp;&nbsp;&nbsp;&nbsp; Mar\u00eda S\u00e1nchez\nGranados &nbsp;2\u00ba Bach. CT<\/p>\n\n\n\n<p>&nbsp;&nbsp;&nbsp;&nbsp;&nbsp;&nbsp;&nbsp;&nbsp;&nbsp;&nbsp;&nbsp;&nbsp;&nbsp;&nbsp;&nbsp;&nbsp;&nbsp;&nbsp;&nbsp;&nbsp;&nbsp;&nbsp;&nbsp;&nbsp;&nbsp;&nbsp;&nbsp;&nbsp;&nbsp;&nbsp;&nbsp;&nbsp;&nbsp;&nbsp;&nbsp;&nbsp;&nbsp;&nbsp;&nbsp;&nbsp;&nbsp;&nbsp;&nbsp;&nbsp;&nbsp;&nbsp;&nbsp;&nbsp;&nbsp;&nbsp;&nbsp;&nbsp;&nbsp;&nbsp;&nbsp;&nbsp;&nbsp;&nbsp;&nbsp;&nbsp;&nbsp;&nbsp;&nbsp;&nbsp;&nbsp;&nbsp;&nbsp;&nbsp;&nbsp;&nbsp;&nbsp;&nbsp;&nbsp;&nbsp;&nbsp;&nbsp;&nbsp;&nbsp;&nbsp;&nbsp;&nbsp;&nbsp;&nbsp;&nbsp;&nbsp;&nbsp;&nbsp;&nbsp;&nbsp;&nbsp;&nbsp;&nbsp;&nbsp;&nbsp;&nbsp;&nbsp;&nbsp;&nbsp;&nbsp;&nbsp;&nbsp;&nbsp;&nbsp;&nbsp;&nbsp;&nbsp;&nbsp;&nbsp;&nbsp;&nbsp;&nbsp;&nbsp;&nbsp;&nbsp;&nbsp;&nbsp;&nbsp;&nbsp;&nbsp;&nbsp;&nbsp;\n&nbsp;IES \u00c1lvarez Cubero<\/p>\n\n\n\n<p><strong>NACER Y\u2026<\/strong><\/p>\n\n\n\n<p>&nbsp;&nbsp;&nbsp;&nbsp;&nbsp;&nbsp;&nbsp;&nbsp;&nbsp;&nbsp;&nbsp; Noche\ny d\u00eda. Blanco y negro. Subir y bajar. Encender y apagar. Nacer y\u2026 Por m\u00e1s que\nlo intento, no logro completar la serie. Las m\u00e1quinas a las que estoy conectado\nempiezan a pitar y se escucha un gran jaleo a mi alrededor, llantos y gritos.\nQuiero decirles que todo est\u00e1 bien, pero esa paz que he alcanzado al cerrar los\nojos se impone a cualquier otro deseo, y me hace sentir tan bien, sano y\ndescansado que no me apetece volver a la realidad. Es como lo que sientes\ncuando te haces el dormido porque es muy tarde y no quieres que mam\u00e1 se enfade.\nEn torno a un d\u00eda despu\u00e9s, mis o\u00eddos se deleitan al escuchar las palabras que\nnunca salieron de la boca de los que, estando ahora en la casa de Dios, se\narman de valor. Ahora, veo que mis piernas son fuertes y pueden soportar mi\npeso, mam\u00e1 y pap\u00e1 sonr\u00eden como no lo hacen desde que tuvimos esa charla con el\nm\u00e9dico, mi rostro ya ha recuperado el color que perdi\u00f3\u2026 y entonces logro\nconcluir la serie: Noche y d\u00eda. Blanco y negro. Subir y bajar. Encender y\napagar. Nacer y\u2026 So\u00f1ar.<\/p>\n\n\n\n<p><em>Alicia Ruiz\nLozano<\/em> &nbsp;&nbsp;&nbsp;&nbsp;1\u00baBach&nbsp;\nCT&nbsp;&nbsp;&nbsp;&nbsp;&nbsp; IES Carmen Panti\u00f3n<\/p>\n\n\n\n<p><strong>SUE\u00d1O TERMINAL<\/strong><\/p>\n\n\n\n<p>&nbsp;Miguel era incapaz de\nconciliar el sue\u00f1o. Ten\u00eda las mejillas pegajosas a causa de las l\u00e1grimas que,\nt\u00edmidas, se hab\u00edan escabullido de lo m\u00e1s profundo de su coraz\u00f3n. A sus ocho\na\u00f1os era incapaz de comprender por qu\u00e9 no pod\u00eda salir del hospital, ni la\ninmensidad de cables y m\u00e1quinas que atosigaban su p\u00e1lido cuerpo. Decidi\u00f3\nasomarse a la ventana y se sent\u00f3 en una silla para observar las estrellas y la\nnoche de primavera. Mientras mov\u00eda su brazo en alto para dibujar constelaciones\ncon la escasa fuerza que le quedaba, sus ojos se fueron cerrando y percibi\u00f3 el\nenvolvente abrazo de Morfeo. En su mente comenzaron a brillar estrellas y\ngigantes galaxias, espl\u00e9ndidas y coloridas nebulosas, polvo estelar que danzaba\nalegremente en torno a cometas y asteroides, hasta que finalmente un gran\nagujero negro apag\u00f3 toda la luz de su gran universo on\u00edrico. Un agujero negro\nque engull\u00f3 sus sue\u00f1os para siempre. <\/p>\n\n\n\n<p><em>&nbsp;Mar\u00eda S\u00e1nchez Granados<\/em>&nbsp;&nbsp;&nbsp;&nbsp;&nbsp;\n2\u00ba Bach. CT&nbsp;&nbsp;&nbsp;&nbsp;&nbsp;&nbsp;&nbsp;&nbsp;&nbsp;&nbsp;&nbsp;&nbsp; IES\n\u00c1lvarez Cubero<\/p>\n\n\n\n<p><strong>EL DIABLO ENTRE LAS S\u00c1BANAS<\/strong><\/p>\n\n\n\n<p>Llegado el\ncrep\u00fasculo, ya yac\u00eda un hombre sobre su modesta cama con gesto extra\u00f1o:<\/p>\n\n\n\n<p>Entre los\ncampos de rosas blancas del heredero de Hipnos, dos hombres se miraban con fuego\nen los ojos. Se tomaron de las manos y uno de ellos bebi\u00f3 del cuello del otro,\nhaciendo uso de su lengua de terciopelo. Gotas de roc\u00edo ca\u00edan sin cesar sobre\nla tierra f\u00e9rtil. Ambos amantes se rindieron sobre el lecho de p\u00e9talos que se\ntornaron carmes\u00ed. Cuidando a su vez de que las espinas no estigmatizaran sus\ncuerpos desnudos que reflejaban una luz sin origen o causa. La fragancia de las\nflores se fundi\u00f3 finalmente con el aroma del pecado.<\/p>\n\n\n\n<p>Con la culpa bajo sus s\u00e1banas, aquel hombre desali\u00f1ado\ndespert\u00f3 de su sue\u00f1o. Decidido, se visti\u00f3 con sus ropajes color p\u00farpura para\noficiar aquella Misa de R\u00e9quiem esa fr\u00eda ma\u00f1ana de diciembre del 52.&nbsp; <\/p>\n\n\n\n<p><em>Diego Hidalgo\nDelgado<\/em>&nbsp;&nbsp;&nbsp;&nbsp; 2\u00ba Bach. CT&nbsp;&nbsp; IES Carmen Panti\u00f3n<\/p>\n\n\n\n<p><strong>EVALUACI\u00d3N PSICOL\u00d3GICA<\/strong><\/p>\n\n\n\n<p>-Ayer so\u00f1\u00e9. No\nestaba dormido, pero tampoco despierto. Juro haber sentido su tacto, su\npresencia, pero al estirar la mano en busca de su rostro, una c\u00e1lida sensaci\u00f3n\nme embarg\u00f3. Intent\u00e9 desasirme, liberarme de las cadenas del Fuego que, como el\ncanto de una sirena, buscaba hundirme en la miseria. Desgraciadamente, era un\nUlises sin su m\u00e1stil, y empec\u00e9 a ver luces blancas, personas a mi alrededor, o\u00ed\nun chirrido met\u00e1lico&#8230; No, no me llevar\u00edan consigo, pens\u00e9, porque yo soy due\u00f1o\nde mi destino. Volv\u00ed a verla, y esta vez me abraz\u00f3 con su cuerpo desnudo, como\nuna madre que no quiere que le arrebaten a su hijo, a la par que suavemente,\ncon m\u00e1s dulzura de la que nunca he sentido. Era feliz pero\u2026 ay de m\u00ed, ayer solo\nso\u00f1\u00e9.<\/p>\n\n\n\n<p><em>Jorge Cadenas de Llano Serrano<\/em>&nbsp;&nbsp;\n2\u00baBach. CT&nbsp;&nbsp;&nbsp; IES Carmen Panti\u00f3n<\/p>\n\n\n\n<p>El\nsiguiente microrrelato no pas\u00f3 la primera fase pero fue seleccionado para su\nlectura en la ceremonia de clausura<\/p>\n\n\n\n<p><strong>EL ASESINO DE SUE\u00d1OS<\/strong><\/p>\n\n\n\n<p>&nbsp;&nbsp;&nbsp;&nbsp;&nbsp;&nbsp;&nbsp;&nbsp;&nbsp;&nbsp;&nbsp;&nbsp;&nbsp;&nbsp;&nbsp;&nbsp;&nbsp;&nbsp;&nbsp;&nbsp;\nDe nuevo me incorporo, \u00bfy qu\u00e9 veo? al frente un precipicio, y los lobos\na la espalda, no me gusta la realidad que me espera, prefiero so\u00f1ar como cada\nnoche. Por eso sue\u00f1o despierto, solo quiero seguir atrapado en ese bote\nsalvavidas que son los sue\u00f1os, en mi estado de enso\u00f1aci\u00f3n permanente. Ellos me\nense\u00f1an todo lo que pierdo al ganar, todo lo que soy y lo que parezco, todo lo\nque nunca fui y lo que siempre querr\u00e9 ser. Pero me doy cuenta que al desplegar\nlos mapas de todos los sue\u00f1os y navegar en ellos, solo imagino lo que no tengo,\nsolo es una frustraci\u00f3n de mis verdaderos sue\u00f1os. Sue\u00f1o porque no puedo\nalcanzar mis sue\u00f1os, una iron\u00eda que me hace despertar, \u00bfy qu\u00e9 veo?: el mundo se\nencarga de asesinar tus sue\u00f1os.<\/p>\n\n\n\n<p>Raquel Muriel Vida 2\u00ba Bach. CT<\/p>\n\n\n\n<p><strong>ESPA-FPB-Ciclos\nFormativos Grado Medio<\/strong><\/p>\n\n\n\n<p>DESENGA\u00d1O&nbsp; &nbsp;&nbsp;&nbsp;&nbsp;&nbsp;&nbsp;&nbsp;&nbsp;&nbsp;&nbsp;&nbsp;&nbsp;&nbsp;&nbsp;&nbsp;&nbsp;&nbsp;&nbsp;&nbsp;&nbsp;&nbsp;&nbsp;&nbsp;&nbsp;&nbsp;&nbsp;&nbsp;&nbsp;&nbsp;&nbsp;&nbsp;&nbsp;&nbsp;&nbsp;&nbsp;&nbsp;M\u00aa Araceli Aguilera Serrano &nbsp;&nbsp;1\u00baESPA&nbsp;&nbsp;\n<\/p>\n\n\n\n<p>&nbsp;&nbsp;&nbsp;&nbsp;&nbsp;&nbsp;&nbsp;&nbsp;&nbsp;&nbsp;&nbsp;&nbsp;&nbsp;&nbsp;&nbsp;&nbsp;&nbsp;&nbsp;&nbsp;&nbsp;&nbsp;&nbsp;&nbsp;&nbsp;&nbsp;&nbsp;&nbsp;&nbsp;&nbsp;&nbsp;&nbsp;&nbsp;&nbsp;&nbsp;&nbsp;&nbsp;&nbsp;&nbsp;&nbsp;&nbsp;&nbsp;&nbsp;&nbsp;&nbsp;&nbsp;&nbsp;&nbsp;&nbsp;&nbsp;&nbsp;&nbsp;&nbsp;&nbsp;&nbsp;&nbsp;&nbsp;&nbsp;&nbsp;&nbsp;&nbsp;&nbsp;&nbsp;&nbsp;&nbsp;&nbsp;&nbsp;&nbsp;&nbsp;&nbsp;&nbsp;&nbsp;&nbsp;&nbsp;&nbsp;&nbsp;&nbsp;&nbsp;&nbsp;&nbsp;&nbsp;&nbsp;&nbsp;&nbsp;&nbsp;&nbsp;&nbsp;&nbsp;&nbsp;&nbsp;&nbsp;&nbsp;&nbsp;&nbsp;&nbsp;&nbsp;&nbsp;&nbsp;&nbsp;&nbsp;&nbsp;&nbsp;&nbsp;&nbsp;&nbsp;&nbsp;&nbsp;&nbsp;&nbsp;&nbsp;&nbsp;&nbsp;&nbsp;&nbsp;&nbsp;\nIES Carmen Panti\u00f3n<\/p>\n\n\n\n<p>NO SON SUE\u00d1OS &nbsp;&nbsp;&nbsp;&nbsp;&nbsp;&nbsp;&nbsp;&nbsp;&nbsp;&nbsp;&nbsp;&nbsp;&nbsp;&nbsp;&nbsp;&nbsp;&nbsp;&nbsp;&nbsp;&nbsp;&nbsp;&nbsp;&nbsp;&nbsp;&nbsp;&nbsp;&nbsp;&nbsp;&nbsp;Irene Nieto Ropero\n&nbsp;&nbsp;&nbsp;&nbsp;&nbsp;&nbsp;&nbsp;&nbsp;&nbsp;&nbsp;&nbsp;&nbsp;&nbsp;&nbsp;&nbsp;&nbsp;&nbsp;&nbsp;&nbsp;&nbsp;2\u00ba ESPA<\/p>\n\n\n\n<p>&nbsp;&nbsp;&nbsp;&nbsp;&nbsp;&nbsp;&nbsp;&nbsp;&nbsp;&nbsp;&nbsp;&nbsp;&nbsp;&nbsp;&nbsp;&nbsp;&nbsp;&nbsp;&nbsp;&nbsp;&nbsp;&nbsp;&nbsp;&nbsp;&nbsp;&nbsp;&nbsp;&nbsp;&nbsp;&nbsp;&nbsp;&nbsp;&nbsp;&nbsp;&nbsp;&nbsp;&nbsp;&nbsp;&nbsp;&nbsp;&nbsp;&nbsp;&nbsp;&nbsp;&nbsp;&nbsp;&nbsp;&nbsp;&nbsp;&nbsp;&nbsp;&nbsp;&nbsp;&nbsp;&nbsp;&nbsp;&nbsp;&nbsp;&nbsp;&nbsp;&nbsp;&nbsp;&nbsp;&nbsp;&nbsp;&nbsp;&nbsp;&nbsp;&nbsp;&nbsp;&nbsp;&nbsp;&nbsp;&nbsp;&nbsp;&nbsp;&nbsp;&nbsp;&nbsp;&nbsp;&nbsp;&nbsp;&nbsp;&nbsp;&nbsp;&nbsp;&nbsp;&nbsp;&nbsp;&nbsp;&nbsp;&nbsp;&nbsp;&nbsp;&nbsp;&nbsp;&nbsp;&nbsp;&nbsp;&nbsp;&nbsp;&nbsp;&nbsp;&nbsp;&nbsp;&nbsp;&nbsp;&nbsp;&nbsp;&nbsp;&nbsp;&nbsp;&nbsp;&nbsp;&nbsp;\nIES Carmen Panti\u00f3n<\/p>\n\n\n\n<p>LA\nAPARIENCIA DE LOS SUE\u00d1OS&nbsp;\n&nbsp;Antonio Matas Aguilera&nbsp;&nbsp;&nbsp;&nbsp;&nbsp;&nbsp;&nbsp;&nbsp;&nbsp;&nbsp; &nbsp;2\u00baESPA Semipresencial<\/p>\n\n\n\n<p>&nbsp;&nbsp;&nbsp;&nbsp;&nbsp;&nbsp;&nbsp;&nbsp;&nbsp;&nbsp;&nbsp;&nbsp;&nbsp;&nbsp;&nbsp;&nbsp;&nbsp;&nbsp;&nbsp;&nbsp;&nbsp;&nbsp;&nbsp;&nbsp;&nbsp;&nbsp;&nbsp;&nbsp;&nbsp;&nbsp;&nbsp;&nbsp;&nbsp; &nbsp;&nbsp;&nbsp;&nbsp;&nbsp;&nbsp;&nbsp;&nbsp;&nbsp;&nbsp;&nbsp;&nbsp;&nbsp;&nbsp;&nbsp;&nbsp;&nbsp;&nbsp;&nbsp;&nbsp;&nbsp;&nbsp;&nbsp;&nbsp;&nbsp;&nbsp;&nbsp;&nbsp;&nbsp;&nbsp;&nbsp;&nbsp;&nbsp;&nbsp;&nbsp;&nbsp;&nbsp;&nbsp;&nbsp;&nbsp;&nbsp;&nbsp;&nbsp;&nbsp;&nbsp;&nbsp;&nbsp;&nbsp;&nbsp;&nbsp;&nbsp;&nbsp;&nbsp;&nbsp;&nbsp;&nbsp;&nbsp;&nbsp;&nbsp;&nbsp;&nbsp;&nbsp;&nbsp;&nbsp;&nbsp;&nbsp;&nbsp;&nbsp;&nbsp;&nbsp;&nbsp;&nbsp;&nbsp;&nbsp;&nbsp;&nbsp;&nbsp;&nbsp;&nbsp;&nbsp;&nbsp;IES\nCarmen Panti\u00f3n<\/p>\n\n\n\n<p><strong>&nbsp;DESENGA\u00d1O<\/strong><\/p>\n\n\n\n<p>Mar\u00eda vuelve a casa tras una jornada de\ntrabajo, suelta su arma, su placa y se acuesta con Juan, su pareja casual.\nMar\u00eda sue\u00f1a con Juan. \u00c9l lleva un antifaz y ella lo persigue. Es un\ndelincuente, en la mano lleva una mochila y corre apresurado por los tejados.\nMar\u00eda no logra atraparlo, pero \u00e9l tropieza y el dinero sale volando.<\/p>\n\n\n\n<p>Un temblor la hace despertar, mirando a la\nalfombra encuentra un antifaz. <\/p>\n\n\n\n<p>&nbsp;Mar\u00eda\nAraceli Aguilera Serrano&nbsp;&nbsp;&nbsp;&nbsp; &nbsp;1\u00ba ESPA &nbsp;&nbsp;&nbsp;&nbsp;&nbsp;IES\nCarmen Panti\u00f3n<\/p>\n\n\n\n<p><strong>&nbsp;LA APARIENCIA DE LOS SUE\u00d1OS<\/strong><\/p>\n\n\n\n<p>He\ndespertado sin dormir, de unos sue\u00f1os prolongados y extra\u00f1os. En este per\u00edodo\nde anhelo, algunas veces sent\u00eda que no era yo, era una sensaci\u00f3n de desasosiego,\nque romp\u00eda el relativo reposo, pasado un lapso siento que s\u00ed lo soy, pero este\ncuerpo no es el que antes ocupaba.<\/p>\n\n\n\n<p>Ahora\nme encuentro recluida en esta tumba de forma oblonga. Veo claridad a trav\u00e9s de\nestas tersas paredes, protectoras y a la vez opresoras.<\/p>\n\n\n\n<p>Recuerdo\nvagamente, que el tiempo que viv\u00ed anteriormente estaba regido por una carrera\nfren\u00e9tica de subsistencia. En este momento, mis necesidades son totalmente distintas,\ntengo que ir hacia la luz, solo necesito salir de esta matriz de la cual\nrenacer\u00e9<\/p>\n\n\n\n<p>como\nun nuevo ser.<\/p>\n\n\n\n<p><em>Antonio Matas Aguilera&nbsp;&nbsp;&nbsp;&nbsp;&nbsp;&nbsp;&nbsp;&nbsp;&nbsp; <\/em>2\u00ba ESPA\nSemipresencial &nbsp;&nbsp;&nbsp;&nbsp;&nbsp;&nbsp;&nbsp;&nbsp;&nbsp;&nbsp;IES Carmen\nPanti\u00f3n<\/p>\n\n\n\n<p><strong>NO SON\nSUE\u00d1OS<\/strong><\/p>\n\n\n\n<p>La misma canci\u00f3n que me despierta, la misma\nlluvia cae en mi ventana. Otro d\u00eda igual, \u00bfc\u00f3mo pod\u00eda no cambiar nada? \u00bfC\u00f3mo\npod\u00eda vivir siempre el mismo d\u00eda? Era sue\u00f1o o realidad lo que estaba viviendo.\nLas mismas personas en mi encuentro, las mismas im\u00e1genes se repiten d\u00eda tras\nd\u00eda. Intento cambiar el destino pero se repite incansablemente. La locura se\napodera de mi mente y desesperada espero que el d\u00eda siguiente sea diferente. Me\nvuelvo a levantar y hoy voy a cambiar mi destino, salgo al encuentro de la\ncalle y cojo un camino distinto. Observo como nadie me mira, nadie nota mi\npresencia. Voy como un fantasma vagando por la calle, me quedo parada mirando\nel cristal de un escaparate y me doy cuenta que no es un sue\u00f1o, es una\nrealidad. Ya no estoy.<\/p>\n\n\n\n<p><em>&nbsp; Irene Nieto Ropero<\/em>&nbsp;&nbsp;&nbsp;&nbsp;&nbsp;&nbsp;&nbsp;&nbsp;&nbsp;&nbsp;&nbsp;&nbsp;\n2\u00ba E.S.P.A &nbsp;&nbsp;&nbsp;&nbsp;&nbsp;&nbsp;&nbsp;&nbsp;&nbsp;&nbsp;&nbsp;IES Carmen\nPanti\u00f3n <\/p>\n\n\n\n<p><strong>PREMIADOS\nX CERTAMEN DE MICRORRELATOS \u201cIES CARMEN PANTI\u00d3N\u201d<\/strong><\/p>\n\n\n\n<p><a><em>PRIMER PREMIO 1\u00ba Y 2\u00ba ESO<\/em><\/a> <\/p>\n\n\n\n<p>Opuesto y\ngris&nbsp;&nbsp;&nbsp;&nbsp; <strong>Laura\nM\u00c9RIDA P\u00c9REZ<\/strong>&nbsp; 2\u00ba ESO C&nbsp;&nbsp;&nbsp;&nbsp;&nbsp;&nbsp;&nbsp;&nbsp; IES Carmen Panti\u00f3n<\/p>\n\n\n\n<p><a><em>Acc\u00e9sit 1\u00ba y 2\u00ba ESO<\/em><\/a><\/p>\n\n\n\n<p>Abuelo&nbsp;&nbsp;&nbsp;&nbsp;&nbsp;&nbsp;&nbsp;&nbsp;&nbsp;&nbsp;&nbsp;&nbsp; <strong>Nora GARC\u00cdA JIM\u00c9NEZ&nbsp;&nbsp;&nbsp; <\/strong>&nbsp;1\u00ba ESO&nbsp;\nIES Fernando III el Santo<\/p>\n\n\n\n<p><a><em>PRIMER PREMIO 3\u00ba Y 4\u00ba ESO<\/em><\/a><\/p>\n\n\n\n<p>La carta de\nmi destino&nbsp;&nbsp;&nbsp;&nbsp; <strong>M\u00aa\nCarmen ROSA GONZ\u00c1LEZ <\/strong>&nbsp;4\u00baESO B&nbsp;&nbsp;&nbsp;&nbsp;&nbsp;&nbsp;&nbsp;&nbsp;&nbsp;&nbsp;&nbsp;&nbsp;&nbsp;&nbsp;&nbsp;&nbsp;&nbsp;&nbsp;&nbsp;&nbsp;&nbsp;&nbsp;&nbsp;&nbsp;&nbsp;&nbsp;&nbsp;&nbsp;&nbsp;&nbsp;&nbsp;&nbsp;&nbsp;&nbsp;&nbsp;&nbsp;&nbsp;&nbsp;&nbsp;&nbsp;&nbsp;&nbsp;&nbsp;&nbsp;&nbsp;&nbsp;&nbsp;&nbsp;&nbsp;&nbsp;&nbsp;&nbsp;&nbsp;&nbsp;&nbsp;&nbsp;&nbsp;&nbsp;&nbsp;&nbsp;&nbsp;&nbsp;&nbsp;&nbsp;&nbsp;&nbsp;&nbsp;&nbsp;&nbsp;&nbsp;&nbsp;&nbsp;&nbsp;&nbsp;&nbsp;&nbsp;&nbsp;&nbsp;&nbsp;&nbsp;&nbsp;&nbsp;&nbsp;&nbsp;&nbsp;&nbsp;&nbsp;&nbsp;&nbsp;&nbsp;&nbsp;&nbsp;&nbsp;&nbsp;&nbsp;&nbsp;&nbsp;&nbsp;&nbsp;&nbsp;&nbsp;&nbsp;&nbsp;&nbsp;&nbsp;&nbsp;&nbsp;&nbsp;&nbsp;&nbsp;&nbsp;&nbsp;&nbsp;&nbsp;&nbsp;&nbsp;&nbsp;&nbsp;&nbsp;&nbsp;&nbsp;&nbsp;&nbsp;&nbsp;&nbsp;&nbsp;&nbsp;&nbsp;&nbsp;&nbsp;&nbsp;&nbsp;&nbsp;&nbsp;&nbsp;&nbsp;&nbsp;&nbsp;&nbsp;&nbsp;&nbsp;&nbsp;&nbsp;&nbsp;&nbsp;&nbsp;\n&nbsp;&nbsp;&nbsp;&nbsp;&nbsp;&nbsp;&nbsp;&nbsp;&nbsp;&nbsp;&nbsp;&nbsp;&nbsp;&nbsp;&nbsp;&nbsp;&nbsp;&nbsp;&nbsp;&nbsp;&nbsp;&nbsp;&nbsp;&nbsp;&nbsp;&nbsp;&nbsp;&nbsp;&nbsp;&nbsp;&nbsp;&nbsp;&nbsp;&nbsp;&nbsp;&nbsp;&nbsp;&nbsp;&nbsp;&nbsp;&nbsp;&nbsp;&nbsp;&nbsp;&nbsp;&nbsp;&nbsp;&nbsp;&nbsp;&nbsp;&nbsp;&nbsp;&nbsp;&nbsp;&nbsp;&nbsp;&nbsp;&nbsp;&nbsp;&nbsp;&nbsp;&nbsp;&nbsp;&nbsp;&nbsp;&nbsp;&nbsp;&nbsp;&nbsp;&nbsp;&nbsp;&nbsp;&nbsp;&nbsp;&nbsp;&nbsp;&nbsp;&nbsp;&nbsp;&nbsp;&nbsp;&nbsp;&nbsp;&nbsp;&nbsp;&nbsp;&nbsp;&nbsp;&nbsp;&nbsp;&nbsp;&nbsp;&nbsp;&nbsp;&nbsp;&nbsp;&nbsp;&nbsp;&nbsp;&nbsp;&nbsp;&nbsp;&nbsp;&nbsp;&nbsp;&nbsp;&nbsp;&nbsp;&nbsp;&nbsp;&nbsp;&nbsp;&nbsp;&nbsp;&nbsp;<\/p>\n\n\n\n<p>&nbsp;&nbsp;&nbsp;&nbsp;&nbsp;&nbsp;&nbsp;&nbsp;&nbsp;&nbsp;&nbsp;&nbsp;&nbsp;&nbsp;&nbsp;&nbsp;&nbsp;&nbsp;&nbsp;&nbsp;&nbsp;&nbsp;&nbsp;&nbsp;&nbsp;&nbsp;&nbsp;&nbsp;&nbsp;&nbsp;&nbsp;&nbsp;&nbsp;&nbsp;&nbsp;&nbsp;&nbsp;&nbsp;&nbsp;&nbsp;&nbsp;&nbsp;&nbsp;&nbsp;&nbsp;&nbsp;&nbsp;&nbsp;&nbsp;&nbsp;&nbsp;&nbsp;&nbsp;&nbsp;&nbsp;&nbsp;&nbsp;&nbsp;&nbsp;&nbsp;&nbsp;&nbsp;&nbsp;&nbsp;&nbsp;&nbsp;&nbsp;&nbsp;&nbsp;&nbsp;&nbsp;&nbsp;&nbsp;&nbsp;&nbsp;&nbsp;&nbsp;&nbsp;&nbsp;&nbsp;&nbsp;&nbsp;&nbsp;&nbsp;&nbsp;&nbsp;&nbsp;&nbsp;&nbsp;&nbsp;&nbsp;&nbsp;&nbsp;\nIES Carmen Panti\u00f3n<\/p>\n\n\n\n<p><a><em>Acc\u00e9sit 3\u00ba y 4\u00ba ESO<\/em><\/a><\/p>\n\n\n\n<p>\u201cJaque mate\u201d&nbsp;&nbsp;&nbsp;&nbsp;&nbsp;&nbsp;&nbsp;&nbsp;&nbsp; <strong>Anabel\nL\u00d3PEZ MORAL&nbsp; <\/strong>4\u00ba ESO C&nbsp;&nbsp;&nbsp;&nbsp;&nbsp;&nbsp; IES Carmen Panti\u00f3n<\/p>\n\n\n\n<p><a><em>PRIMER PREMIO BACHILLERATO<\/em><\/a><\/p>\n\n\n\n<p>Mariposa\nnocturna&nbsp;&nbsp;&nbsp;&nbsp;&nbsp;&nbsp; <strong>Diego\nHIDALGO DELGADO&nbsp; <\/strong>2\u00ba Bach. CT<\/p>\n\n\n\n<p>&nbsp;&nbsp;&nbsp;&nbsp;&nbsp;&nbsp;&nbsp;&nbsp;&nbsp;&nbsp;&nbsp;&nbsp;&nbsp;&nbsp;&nbsp;&nbsp;&nbsp;&nbsp;&nbsp;&nbsp;&nbsp;&nbsp;&nbsp;&nbsp;&nbsp;&nbsp;&nbsp;&nbsp;&nbsp;&nbsp;&nbsp;&nbsp;&nbsp;&nbsp;&nbsp;&nbsp;&nbsp;&nbsp;&nbsp;&nbsp;&nbsp;&nbsp;&nbsp;&nbsp;&nbsp;&nbsp;&nbsp;&nbsp;&nbsp;&nbsp;&nbsp;&nbsp;&nbsp;&nbsp;&nbsp;&nbsp;&nbsp;&nbsp;&nbsp;&nbsp;&nbsp;&nbsp;&nbsp;&nbsp;&nbsp;&nbsp;&nbsp;&nbsp;&nbsp;&nbsp;&nbsp;&nbsp;&nbsp;&nbsp;&nbsp;&nbsp;&nbsp;&nbsp;&nbsp;&nbsp;&nbsp;&nbsp;&nbsp;&nbsp;&nbsp;&nbsp;&nbsp;&nbsp;&nbsp;&nbsp;&nbsp;&nbsp;&nbsp;&nbsp;&nbsp;&nbsp;&nbsp;&nbsp;&nbsp;&nbsp;&nbsp;\nIES Carmen Panti\u00f3n<\/p>\n\n\n\n<p><a><em>Acc\u00e9sit BACHILLERATO<\/em><\/a><\/p>\n\n\n\n<p>La depresi\u00f3n de oto\u00f1o&nbsp;\n<strong>&nbsp;&nbsp;&nbsp;Jorge CADENAS de LLANO SERRANO <\/strong>2\u00baBach. CT&nbsp;&nbsp;&nbsp;&nbsp;&nbsp;&nbsp;&nbsp;&nbsp;&nbsp;&nbsp;&nbsp;&nbsp; <\/p>\n\n\n\n<p>&nbsp;&nbsp;&nbsp;&nbsp;&nbsp;&nbsp;&nbsp;&nbsp;&nbsp;&nbsp;&nbsp;&nbsp;&nbsp;&nbsp;&nbsp;&nbsp;&nbsp;&nbsp;&nbsp;&nbsp;&nbsp;&nbsp;&nbsp;&nbsp;&nbsp;&nbsp;&nbsp;&nbsp;&nbsp;&nbsp;&nbsp;&nbsp;&nbsp;&nbsp;&nbsp;&nbsp;&nbsp;&nbsp;&nbsp;&nbsp;&nbsp;&nbsp;&nbsp;&nbsp;&nbsp;&nbsp;&nbsp;&nbsp;&nbsp;&nbsp;&nbsp;&nbsp;&nbsp;&nbsp;&nbsp;&nbsp;&nbsp;&nbsp;&nbsp;&nbsp;&nbsp;&nbsp;&nbsp;&nbsp;&nbsp;&nbsp;&nbsp;&nbsp;&nbsp;&nbsp;&nbsp;&nbsp;&nbsp;&nbsp;&nbsp;&nbsp;&nbsp;&nbsp;&nbsp;&nbsp;&nbsp;&nbsp;&nbsp;&nbsp;&nbsp;&nbsp;&nbsp;&nbsp;&nbsp;&nbsp;&nbsp;&nbsp;&nbsp;&nbsp;&nbsp;&nbsp;&nbsp;&nbsp;&nbsp;&nbsp;&nbsp;&nbsp;&nbsp;&nbsp;&nbsp;\nIES Carmen Panti\u00f3n&nbsp;&nbsp;&nbsp;&nbsp;&nbsp;&nbsp;&nbsp;&nbsp;&nbsp;&nbsp;&nbsp;&nbsp;&nbsp;&nbsp;&nbsp;&nbsp;&nbsp;&nbsp;&nbsp;&nbsp;&nbsp;&nbsp;&nbsp;&nbsp;&nbsp;&nbsp;&nbsp;&nbsp;&nbsp;&nbsp;&nbsp;&nbsp;&nbsp;&nbsp;&nbsp;&nbsp;&nbsp;&nbsp;&nbsp;&nbsp;&nbsp;&nbsp;&nbsp;&nbsp;&nbsp;&nbsp;&nbsp;&nbsp;&nbsp;&nbsp;&nbsp;&nbsp;&nbsp;&nbsp;&nbsp;&nbsp;&nbsp;&nbsp;&nbsp;&nbsp;&nbsp;&nbsp;&nbsp;&nbsp;&nbsp;&nbsp;&nbsp;&nbsp;&nbsp;&nbsp;&nbsp;&nbsp;&nbsp;&nbsp;&nbsp;&nbsp;&nbsp;&nbsp;&nbsp;&nbsp;&nbsp;&nbsp;&nbsp;&nbsp;&nbsp;&nbsp;&nbsp;&nbsp;&nbsp;&nbsp;&nbsp;&nbsp;&nbsp;&nbsp;&nbsp;&nbsp;&nbsp;&nbsp;&nbsp;&nbsp;&nbsp;&nbsp;&nbsp;&nbsp;&nbsp;&nbsp;&nbsp;\n&nbsp;&nbsp;&nbsp;&nbsp;&nbsp;&nbsp;&nbsp;&nbsp;&nbsp;&nbsp;&nbsp;&nbsp;&nbsp;&nbsp;&nbsp;&nbsp;&nbsp;&nbsp;&nbsp;&nbsp;&nbsp;&nbsp;&nbsp;&nbsp;&nbsp;&nbsp;&nbsp;&nbsp;&nbsp;&nbsp;&nbsp;&nbsp;&nbsp;&nbsp;&nbsp;&nbsp;&nbsp;&nbsp;&nbsp;&nbsp;&nbsp;&nbsp;&nbsp;&nbsp;&nbsp;&nbsp;&nbsp;&nbsp;&nbsp;&nbsp;&nbsp;&nbsp;&nbsp;&nbsp;&nbsp;&nbsp;&nbsp;&nbsp;<\/p>\n\n\n\n<p><a><em>PRIMER PREMIO E.S.P.A.<\/em><\/a><\/p>\n\n\n\n<p>Inocente&nbsp;&nbsp;&nbsp;&nbsp;&nbsp;&nbsp;\n<strong>M\u00aa Araceli AGUILERA SERRANO <\/strong>&nbsp;&nbsp;&nbsp;&nbsp;&nbsp;&nbsp;&nbsp;&nbsp;1\u00ba ESPA <\/p>\n\n\n\n<p>&nbsp;&nbsp;&nbsp;&nbsp;&nbsp;&nbsp;&nbsp;&nbsp;&nbsp;&nbsp;&nbsp;&nbsp;&nbsp;&nbsp;&nbsp;&nbsp;&nbsp;&nbsp;&nbsp;&nbsp;&nbsp;&nbsp;&nbsp;&nbsp;&nbsp;&nbsp;&nbsp;&nbsp;&nbsp;&nbsp;&nbsp;&nbsp;&nbsp;&nbsp;&nbsp;&nbsp;&nbsp;&nbsp;&nbsp;&nbsp;&nbsp;&nbsp;&nbsp;&nbsp;&nbsp;&nbsp;&nbsp;&nbsp;&nbsp;&nbsp;&nbsp;&nbsp;&nbsp;&nbsp;&nbsp;&nbsp;&nbsp;&nbsp;&nbsp;&nbsp;&nbsp;&nbsp;&nbsp;&nbsp;&nbsp;&nbsp;&nbsp;&nbsp;&nbsp;&nbsp;&nbsp;&nbsp;&nbsp;&nbsp;&nbsp;&nbsp;&nbsp;&nbsp;&nbsp;&nbsp;&nbsp;&nbsp;&nbsp;&nbsp;&nbsp;&nbsp;&nbsp;&nbsp;&nbsp;&nbsp;\nIES Carmen Panti\u00f3n<\/p>\n\n\n\n<p><a><em>Acc\u00e9sit E.S.P.A.<\/em><\/a><\/p>\n\n\n\n<p>Mariposa nocturna&nbsp;&nbsp;&nbsp;&nbsp;&nbsp;&nbsp;\n<strong>Antonio MATAS AGUILERA<\/strong>&nbsp; 2\u00baESPA Semipresencial<\/p>\n\n\n\n<p>&nbsp;&nbsp;&nbsp;&nbsp;&nbsp;&nbsp;&nbsp;&nbsp;&nbsp;&nbsp;&nbsp;&nbsp;&nbsp;&nbsp;&nbsp;&nbsp;&nbsp;&nbsp;&nbsp;&nbsp;&nbsp;&nbsp;&nbsp;&nbsp;&nbsp;&nbsp;&nbsp;&nbsp;&nbsp;&nbsp;&nbsp;&nbsp;&nbsp;&nbsp;&nbsp;&nbsp;&nbsp;&nbsp;&nbsp;&nbsp;&nbsp;&nbsp;&nbsp;&nbsp;&nbsp;&nbsp;&nbsp;&nbsp;&nbsp;&nbsp;&nbsp;&nbsp;&nbsp;&nbsp;&nbsp;&nbsp;&nbsp;&nbsp;&nbsp;&nbsp;&nbsp;&nbsp;&nbsp;&nbsp;&nbsp;&nbsp;&nbsp;&nbsp;&nbsp;&nbsp;&nbsp;&nbsp;&nbsp;&nbsp;&nbsp;&nbsp;&nbsp;&nbsp;&nbsp;&nbsp;&nbsp;&nbsp;&nbsp;&nbsp;&nbsp;&nbsp;&nbsp;&nbsp;&nbsp;&nbsp;\nIES Carmen Panti\u00f3n&nbsp;&nbsp;&nbsp;&nbsp;&nbsp;&nbsp;&nbsp;&nbsp;&nbsp;&nbsp;&nbsp;&nbsp;&nbsp;&nbsp;&nbsp;&nbsp;&nbsp;&nbsp;&nbsp;&nbsp;&nbsp;&nbsp;&nbsp;&nbsp;&nbsp;&nbsp;&nbsp;&nbsp;&nbsp;&nbsp;&nbsp;&nbsp;&nbsp;&nbsp;&nbsp;&nbsp;&nbsp;&nbsp;&nbsp;&nbsp;&nbsp;&nbsp;&nbsp;&nbsp;&nbsp;&nbsp;&nbsp;&nbsp;&nbsp;&nbsp;&nbsp;&nbsp;&nbsp;&nbsp;&nbsp;&nbsp;&nbsp;&nbsp;&nbsp;&nbsp;&nbsp;\n&nbsp;&nbsp;&nbsp;&nbsp;&nbsp;&nbsp;&nbsp;&nbsp;&nbsp;&nbsp;&nbsp;&nbsp;&nbsp;&nbsp;&nbsp;&nbsp;&nbsp;&nbsp;&nbsp;&nbsp;&nbsp;&nbsp;&nbsp;&nbsp;&nbsp;&nbsp;&nbsp;&nbsp;&nbsp;&nbsp;&nbsp;&nbsp;&nbsp;&nbsp;&nbsp;&nbsp;&nbsp;&nbsp;&nbsp;&nbsp;&nbsp;&nbsp;&nbsp;&nbsp;&nbsp;&nbsp;&nbsp;&nbsp;&nbsp;&nbsp;&nbsp;&nbsp;&nbsp;&nbsp;&nbsp;&nbsp;&nbsp;&nbsp;&nbsp;&nbsp;&nbsp;&nbsp;&nbsp;&nbsp;&nbsp;&nbsp;&nbsp;&nbsp;&nbsp;&nbsp;&nbsp;&nbsp;&nbsp;&nbsp;&nbsp;&nbsp;&nbsp;&nbsp;&nbsp;&nbsp;&nbsp;&nbsp;&nbsp;&nbsp;&nbsp;&nbsp;&nbsp;<\/p>\n\n\n\n<p>(Nota: Puedes leer los microrrelatos\npremiados en el X Certamen de Microrrelatos \u201cIES Carmen Panti\u00f3n\u201d el 23 de abril\nde 2019&nbsp; a continuaci\u00f3n, los renglones\nque aparecen en negrita son algunos de los versos de Ida Vitale a partir de los\ncuales los participantes tuvieron que redactar su microrrelato)<\/p>\n\n\n\n<p><em>PRIMER PREMIO 1\u00ba Y 2\u00ba ESO<\/em> <\/p>\n\n\n\n<p><strong>OPUESTO Y GRIS<\/strong><\/p>\n\n\n\n<p>Mi\nvida es como un cordel de seda, se enreda demasiado y, a veces, va en el\nsentido opuesto al que deber\u00eda. En el pueblo donde vivo me llaman \u201cg\u00f3tico\u201d,\nsolo porque paso mi tiempo libre con los cuervos, escribiendo en un cementerio\ny por quedarme en mi casa; el limbo entre el para\u00edso y el campo de batalla.\nMuchos otros tambi\u00e9n dicen que un joven de mi edad deber\u00eda preocuparse de\nseguir los pasos de mi padre, o de alguien de su mismo talante. A\u00fan as\u00ed, sigo\ncreyendo que <strong>corta la vida o larga, todo\nlo que vivimos se reduce a un gris residuo en la memoria<\/strong>. Tambi\u00e9n me dicen\nque busque pareja pero, tantas son las estacas que tiene mi coraz\u00f3n, que todo\nintento de sumergirme en el mar del amor me resulta rid\u00edculamente nulo.<\/p>\n\n\n\n<p>Laura\nM\u00e9rida P\u00e9rez&nbsp;&nbsp;&nbsp;&nbsp; 2\u00ba ESO C&nbsp;&nbsp;&nbsp; IES Carmen Panti\u00f3n<\/p>\n\n\n\n<p><em>Acc\u00e9sit 1\u00ba y 2\u00ba ESO<\/em><\/p>\n\n\n\n<p><strong>ABUELO<\/strong><\/p>\n\n\n\n<p>Me levant\u00e9 del escritorio y fui hacia\nla estanter\u00eda en la que tengo todos mis libros, me encantan. Cog\u00ed el de\nsiempre, mi favorito. Me encanta su olor a viejo y usado. Cuando yo ten\u00eda 11\na\u00f1os, me lo regal\u00f3, por mi cumplea\u00f1os. Creo que por eso siempre me ha gustado\nleer y escribir. De peque\u00f1a me encantaba que justo antes de dormir, me leyese\nun cuento, el que fuera.<\/p>\n\n\n\n<p>Abr\u00ed el\nlibro, me sab\u00eda de memoria cada palabra de ese libro, me acord\u00e9 de esa frase,\nla que \u00e9l no paraba de decir: \u201c<strong>la\nesperanza de alguien es el sue\u00f1o de otro<\/strong>\u201d. \u00bfDe qui\u00e9n? Era la pregunta que\nme hac\u00eda una y otra vez, la pregunta a la que nadie responder\u00eda. A veces me\nsigo preguntando cual ser\u00e1 la respuesta, pero solo \u00e9l la sab\u00eda. Se fue hace\nahora dos meses, lo echo de menos. Conmigo era especial, por eso, este es mi\nlibro favorito, s\u00e9 que me une con \u00e9l.<\/p>\n\n\n\n<p>Nora Garc\u00eda\nJim\u00e9nez&nbsp;&nbsp;&nbsp;&nbsp;&nbsp; 1\u00ba ESO&nbsp;&nbsp;&nbsp;&nbsp;&nbsp; IES Fernando III el Santo<\/p>\n\n\n\n<p><em>PRIMER PREMIO 3\u00ba Y 4\u00ba ESO<\/em><\/p>\n\n\n\n<p><strong>LA CARTA DE MI DESTINO<\/strong><\/p>\n\n\n\n<p><strong>Como las gotas en el vidrio, como las\ngotas de la lluvia en una tarde somnolienta<\/strong>\ncaminaba por aquellas calles una noche oscura y silenciosa. De repente, not\u00e9\nuna r\u00e1faga de viento por la nuca, gir\u00e9 la cabeza para asegurarme de que nadie\nme segu\u00eda, pero la niebla que cubr\u00eda el lugar hac\u00eda imposible ver algo.\nDespu\u00e9s, como por arte de magia algo roz\u00f3 mi piel y sobre el suelo yac\u00eda una\ncarta con gotas de sangre que tapaban un nombre y con letra ilegible se\nanunciaba un final tr\u00e1gico. Corr\u00ed a mi despacho, donde a mi sorpresa, mi secuaz\nsegu\u00eda bebiendo de ese licor que me tent\u00f3 a quedarme. Me sirvi\u00f3 de su alcohol y\ncon una sonrisa macabra desenfund\u00f3 su revolver, apunt\u00f3 a mi cabeza y dispar\u00f3.\nAhora que por ingenuo estoy aqu\u00ed har\u00e9 saber con esta carta a mi yo del pasado\nlo mismo que a m\u00ed me anunci\u00f3 mi futuro. As\u00ed, evitar\u00e9 volver a <strong>llamar vida a lo que sab\u00eda a muerte.<\/strong><\/p>\n\n\n\n<p>M\u00aa\nCarmen Rosa Gonz\u00e1lez 4\u00baESO B&nbsp; IES Carmen\nPanti\u00f3n<\/p>\n\n\n\n<p><em>Acc\u00e9sit 3\u00ba y 4\u00ba ESO<\/em><\/p>\n\n\n\n<p><strong>\u201cJAQUE MATE\u201d<\/strong><\/p>\n\n\n\n<p><strong>La\nesperanza de alguien m\u00e1s el&nbsp; sue\u00f1o otro<\/strong>. \u00c9l esperaba que le perdonase&nbsp; y ella so\u00f1aba con que todo se acabar\u00eda alg\u00fan\nd\u00eda. Ella ya no usaba maquillaje, sus p\u00e1rpados estaban negros todos los d\u00edas,\nsu tez albina hab\u00eda perdido su blancura y todo \u201cgracias\u201d a \u00e9l, a sus pu\u00f1os.<\/p>\n\n\n\n<p>Ella siempre hab\u00eda sido la reina y \u00e9l\u2026\n\u00e9l era el maldito rey, quien aunque no se moviera, segu\u00eda siendo el m\u00e1s\nimportante del tablero.<\/p>\n\n\n\n<p>Cuando las horas pasaban, se sent\u00eda\ncautiva en un tablero de 64 casillas. No sab\u00eda si ten\u00eda que sobrevivir en la\nrealidad o en el tablero.<\/p>\n\n\n\n<p>Al final, el d\u00eda definitivo lleg\u00f3. \u00c9l\nle ech\u00f3 \u00e1cido en la cara a su \u201creina\u201d. Es entonces cuando comprendi\u00f3 que no\njugaban en el mismo bando y que no pod\u00eda <strong>llamar\nvida a lo que sabe a muerte<\/strong>. Despu\u00e9s de mucho tiempo, se arm\u00f3 de valor, se\nlevant\u00f3 y se lo dijo: \u201cJaque Mate\u201d.<\/p>\n\n\n\n<p>Anabel\nL\u00f3pez Moral&nbsp;&nbsp; &nbsp;&nbsp;&nbsp;&nbsp;&nbsp;4\u00ba ESO C&nbsp;&nbsp;&nbsp;&nbsp;&nbsp;&nbsp; IES Carmen Panti\u00f3n<\/p>\n\n\n\n<p><em>PRIMER PREMIO BACHILLERATO<\/em><\/p>\n\n\n\n<p><strong>MARIPOSA\nNOCTURNA<\/strong><\/p>\n\n\n\n<p><strong>Como\nlas gotas en el vidrio, como las gotas de la lluvia en una tarde somnolienta<\/strong>, recorr\u00edan sus mejillas aquellos afluentes\nsalados que mor\u00edan en la comisura de sus labios. Sin haber abandonado nunca\npalacio, Esmeralda se sent\u00eda fr\u00eda y desgarrada como los frescos que adornaban\nlos techos de su estancia. Todos las noches llegaban sin avisar, <strong>imprecisa tambi\u00e9n llegaba la mariposa\nnocturna<\/strong> que se posaba desde su cuello hasta el valle del deseo. Esmeralda\nyac\u00eda inm\u00f3vil ante este aleteo de tan enorme insecto, con un sentimiento\nabrupto y amargo.<\/p>\n\n\n\n<p>Su vientre creciente preocupaba a\nEsmeralda, sin saber qu\u00e9 le suced\u00eda. Kronos hab\u00eda muerto entre esas cuatro\nparedes pintadas de oro, hasta que un d\u00eda, dos hombres de pecho brillante\nentraron a aquel s\u00f3tano donde Esmeralda, la joven de quince a\u00f1os, yac\u00eda con la\nmirada perdida sobre un colch\u00f3n sucio y con la semilla de su padre creciendo\ndentro de ella.<\/p>\n\n\n\n<p>Diego Hidalgo Delgado&nbsp;&nbsp;&nbsp;&nbsp; 2\u00ba Bach. CT&nbsp;&nbsp; IES Carmen Panti\u00f3n<\/p>\n\n\n\n<p><em>Acc\u00e9sit BACHILLERATO<\/em><\/p>\n\n\n\n<p><strong>LA\nDEPRESI\u00d3N DE OTO\u00d1O<\/strong><\/p>\n\n\n\n<p>En la vieja y decr\u00e9pita casa del m\u00e1s\nantiguo linaje, <strong>Oto\u00f1o mueve las hojas de\nlos libros<\/strong> en busca de una historia, verso o palabra que le sirva para\nanclarse a su existencia. Pues <strong>corta la\nvida o larga, todo lo que vivimos se reduce a un gris residuo en la memoria<\/strong>.\nY en su eternidad, Oto\u00f1o se entristece con lo que una vez fue. Deprimido, no\nresponde cuando el sol le llama y sus hermanos pasan m\u00e1s tiempo trabajando. Ya\nse est\u00e1 acostumbrando a ello. En la vasta biblioteca, Oto\u00f1o finalmente\nencuentra una carta escrita en Par\u00eds que condena la agresi\u00f3n que le hicieron y\nprometen que le ayudar\u00e1n en estos momentos duros. Ingenuo, vuelve a sonre\u00edr\ndurante un tiempo, creyendo ver su situaci\u00f3n mejorar, pero al mirar de nuevo al\nmundo, este le escupi\u00f3 una vez m\u00e1s, quedando las promesas como palabras vacuas\nque serv\u00edan para ensimismarle m\u00e1s. No obstante, un rayo de esperanza hab\u00eda\natravesado el coraz\u00f3n de oto\u00f1o y, en lo profundo de su ser, esperaba que el\nmundo empezase a cambiar su mentalidad.<\/p>\n\n\n\n<p>Jorge Cadenas de Llano Serrano&nbsp;&nbsp;&nbsp; 2\u00baBach CT&nbsp;&nbsp;&nbsp;&nbsp; IES Carmen Panti\u00f3n<\/p>\n\n\n\n<p><em>PRIMER PREMIO E.S.P.A.<\/em><\/p>\n\n\n\n<p><strong>INOCENTE<\/strong><\/p>\n\n\n\n<p>Mar\u00eda era una ni\u00f1a rubia con trenzas\nlargas, le gustaba dar grandes paseos por el campo, ver las hojas caer, daba\nvueltas lanzando hojas al viento. Cogi\u00f3 su libro y se sent\u00f3 bajo los \u00e1rboles,\nel aire del <strong>oto\u00f1o mueve las hojas de los\nlibros<\/strong>. Mar\u00eda perdi\u00f3 la noci\u00f3n del tiempo, la noche se dej\u00f3 caer y ella\ncomenz\u00f3 a angustiarse, un ruido hizo palpitar su coraz\u00f3n, se tranquiliz\u00f3 al ver\nun cervatillo correr pero no dur\u00f3 mucho alguien la persegu\u00eda, corr\u00eda y corr\u00eda.<\/p>\n\n\n\n<p>Los \u00e1rboles se ti\u00f1eron de rojo en\naquella tarde de oto\u00f1o, la vida, <strong>y\nllamar vida a lo que sabe a muerte.<\/strong><\/p>\n\n\n\n<p>M\u00aa Araceli Aguilera Serrano &nbsp;&nbsp;&nbsp;&nbsp;1\u00ba ESPA&nbsp;&nbsp;\nIES Carmen Panti\u00f3n<\/p>\n\n\n\n<p><em>Acc\u00e9sit E.S.P.A.<\/em><\/p>\n\n\n\n<p><strong>MARIPOSA NOCTURNA<\/strong><\/p>\n\n\n\n<p>Ya ha pasado\nmi juventud. Me encuentro reducido entre cuatro paredes flanqueadas por un gran\nventanal. Paso los d\u00edas leyendo libros que otras personas me proporcionan, es\nlo \u00fanico que me da la libertad. Recuerdo que de peque\u00f1o correteaba en el campo,\nescuchaba los sonidos que la naturaleza me proporcionaba. Los p\u00e1jaros, el\nviento, el olor de la hierba, a tierra mojada, la lluvia\u2026<strong>Como las gotas en el vidrio, como las gotas de la lluvia en una tarde\nsomnolienta<\/strong>. Era un ni\u00f1o feliz, no necesitaba nada m\u00e1s que lo que la\nnaturaleza me entregaba. Todo era alegr\u00eda. No quer\u00eda sentir compasi\u00f3n de otras\npersonas. Yo nac\u00ed as\u00ed y no echaba en falta nada. Ni la luz, a los que mis ojos\nsolo aportaba oscuridad. <strong>Imprecisa\ntambi\u00e9n lleg\u00f3 la mariposa nocturna<\/strong>.<\/p>\n\n\n\n<p>Antonio\nMatas Aguilera 2\u00baESPA Semipresencial IES Carmen Panti\u00f3n<\/p>\n\n\n\n<ul class=\"wp-block-gallery columns-2\"><li class=\"blocks-gallery-item\"><figure><img loading=\"lazy\" width=\"1024\" height=\"768\" src=\"http:\/\/www.iescarmenpantion.es\/wp-content\/uploads\/2019\/05\/IMG-20190423-WA0028-1024x768.jpg\" alt=\"\" data-id=\"295\" data-link=\"http:\/\/www.iescarmenpantion.es\/?attachment_id=295\" class=\"wp-image-295\" srcset=\"https:\/\/www.iescarmenpantion.es\/wp-content\/uploads\/2019\/05\/IMG-20190423-WA0028-1024x768.jpg 1024w, https:\/\/www.iescarmenpantion.es\/wp-content\/uploads\/2019\/05\/IMG-20190423-WA0028-300x225.jpg 300w, https:\/\/www.iescarmenpantion.es\/wp-content\/uploads\/2019\/05\/IMG-20190423-WA0028-768x576.jpg 768w, https:\/\/www.iescarmenpantion.es\/wp-content\/uploads\/2019\/05\/IMG-20190423-WA0028.jpg 1600w\" sizes=\"(max-width: 1024px) 100vw, 1024px\" \/><\/figure><\/li><li class=\"blocks-gallery-item\"><figure><img loading=\"lazy\" width=\"768\" height=\"1024\" src=\"http:\/\/www.iescarmenpantion.es\/wp-content\/uploads\/2019\/05\/IMG-20190423-WA0030-768x1024.jpg\" alt=\"\" data-id=\"296\" data-link=\"http:\/\/www.iescarmenpantion.es\/?attachment_id=296\" class=\"wp-image-296\" srcset=\"https:\/\/www.iescarmenpantion.es\/wp-content\/uploads\/2019\/05\/IMG-20190423-WA0030-768x1024.jpg 768w, https:\/\/www.iescarmenpantion.es\/wp-content\/uploads\/2019\/05\/IMG-20190423-WA0030-225x300.jpg 225w, https:\/\/www.iescarmenpantion.es\/wp-content\/uploads\/2019\/05\/IMG-20190423-WA0030.jpg 1200w\" sizes=\"(max-width: 768px) 100vw, 768px\" \/><\/figure><\/li><li class=\"blocks-gallery-item\"><figure><img loading=\"lazy\" width=\"1024\" height=\"768\" src=\"http:\/\/www.iescarmenpantion.es\/wp-content\/uploads\/2019\/05\/IMG-20190423-WA0032-1024x768.jpg\" alt=\"\" data-id=\"297\" data-link=\"http:\/\/www.iescarmenpantion.es\/?attachment_id=297\" class=\"wp-image-297\" srcset=\"https:\/\/www.iescarmenpantion.es\/wp-content\/uploads\/2019\/05\/IMG-20190423-WA0032-1024x768.jpg 1024w, https:\/\/www.iescarmenpantion.es\/wp-content\/uploads\/2019\/05\/IMG-20190423-WA0032-300x225.jpg 300w, https:\/\/www.iescarmenpantion.es\/wp-content\/uploads\/2019\/05\/IMG-20190423-WA0032-768x576.jpg 768w, https:\/\/www.iescarmenpantion.es\/wp-content\/uploads\/2019\/05\/IMG-20190423-WA0032.jpg 1600w\" sizes=\"(max-width: 1024px) 100vw, 1024px\" \/><\/figure><\/li><li class=\"blocks-gallery-item\"><figure><img loading=\"lazy\" width=\"1024\" height=\"576\" src=\"http:\/\/www.iescarmenpantion.es\/wp-content\/uploads\/2019\/05\/IMG-20190423-WA0033-1024x576.jpg\" alt=\"\" data-id=\"298\" data-link=\"http:\/\/www.iescarmenpantion.es\/?attachment_id=298\" class=\"wp-image-298\" srcset=\"https:\/\/www.iescarmenpantion.es\/wp-content\/uploads\/2019\/05\/IMG-20190423-WA0033-1024x576.jpg 1024w, https:\/\/www.iescarmenpantion.es\/wp-content\/uploads\/2019\/05\/IMG-20190423-WA0033-300x169.jpg 300w, https:\/\/www.iescarmenpantion.es\/wp-content\/uploads\/2019\/05\/IMG-20190423-WA0033-768x432.jpg 768w, https:\/\/www.iescarmenpantion.es\/wp-content\/uploads\/2019\/05\/IMG-20190423-WA0033.jpg 1600w\" sizes=\"(max-width: 1024px) 100vw, 1024px\" \/><\/figure><\/li><li class=\"blocks-gallery-item\"><figure><img loading=\"lazy\" width=\"1024\" height=\"768\" src=\"http:\/\/www.iescarmenpantion.es\/wp-content\/uploads\/2019\/05\/IMG-20190423-WA0034-1024x768.jpg\" alt=\"\" data-id=\"299\" data-link=\"http:\/\/www.iescarmenpantion.es\/?attachment_id=299\" class=\"wp-image-299\" srcset=\"https:\/\/www.iescarmenpantion.es\/wp-content\/uploads\/2019\/05\/IMG-20190423-WA0034-1024x768.jpg 1024w, https:\/\/www.iescarmenpantion.es\/wp-content\/uploads\/2019\/05\/IMG-20190423-WA0034-300x225.jpg 300w, https:\/\/www.iescarmenpantion.es\/wp-content\/uploads\/2019\/05\/IMG-20190423-WA0034-768x576.jpg 768w, https:\/\/www.iescarmenpantion.es\/wp-content\/uploads\/2019\/05\/IMG-20190423-WA0034.jpg 1600w\" sizes=\"(max-width: 1024px) 100vw, 1024px\" \/><\/figure><\/li><li class=\"blocks-gallery-item\"><figure><img loading=\"lazy\" width=\"1024\" height=\"768\" src=\"http:\/\/www.iescarmenpantion.es\/wp-content\/uploads\/2019\/05\/IMG-20190423-WA0036-1024x768.jpg\" alt=\"\" data-id=\"300\" data-link=\"http:\/\/www.iescarmenpantion.es\/?attachment_id=300\" class=\"wp-image-300\" srcset=\"https:\/\/www.iescarmenpantion.es\/wp-content\/uploads\/2019\/05\/IMG-20190423-WA0036-1024x768.jpg 1024w, https:\/\/www.iescarmenpantion.es\/wp-content\/uploads\/2019\/05\/IMG-20190423-WA0036-300x225.jpg 300w, https:\/\/www.iescarmenpantion.es\/wp-content\/uploads\/2019\/05\/IMG-20190423-WA0036-768x576.jpg 768w, https:\/\/www.iescarmenpantion.es\/wp-content\/uploads\/2019\/05\/IMG-20190423-WA0036.jpg 1600w\" sizes=\"(max-width: 1024px) 100vw, 1024px\" \/><\/figure><\/li><li class=\"blocks-gallery-item\"><figure><img loading=\"lazy\" width=\"1024\" height=\"768\" src=\"http:\/\/www.iescarmenpantion.es\/wp-content\/uploads\/2019\/05\/IMG-20190423-WA0037-1024x768.jpg\" alt=\"\" data-id=\"301\" data-link=\"http:\/\/www.iescarmenpantion.es\/?attachment_id=301\" class=\"wp-image-301\" srcset=\"https:\/\/www.iescarmenpantion.es\/wp-content\/uploads\/2019\/05\/IMG-20190423-WA0037-1024x768.jpg 1024w, https:\/\/www.iescarmenpantion.es\/wp-content\/uploads\/2019\/05\/IMG-20190423-WA0037-300x225.jpg 300w, https:\/\/www.iescarmenpantion.es\/wp-content\/uploads\/2019\/05\/IMG-20190423-WA0037-768x576.jpg 768w, https:\/\/www.iescarmenpantion.es\/wp-content\/uploads\/2019\/05\/IMG-20190423-WA0037.jpg 1600w\" sizes=\"(max-width: 1024px) 100vw, 1024px\" \/><\/figure><\/li><li class=\"blocks-gallery-item\"><figure><img loading=\"lazy\" width=\"1024\" height=\"768\" src=\"http:\/\/www.iescarmenpantion.es\/wp-content\/uploads\/2019\/05\/IMG-20190423-WA0038-1024x768.jpg\" alt=\"\" data-id=\"302\" data-link=\"http:\/\/www.iescarmenpantion.es\/?attachment_id=302\" class=\"wp-image-302\" srcset=\"https:\/\/www.iescarmenpantion.es\/wp-content\/uploads\/2019\/05\/IMG-20190423-WA0038-1024x768.jpg 1024w, https:\/\/www.iescarmenpantion.es\/wp-content\/uploads\/2019\/05\/IMG-20190423-WA0038-300x225.jpg 300w, https:\/\/www.iescarmenpantion.es\/wp-content\/uploads\/2019\/05\/IMG-20190423-WA0038-768x576.jpg 768w, https:\/\/www.iescarmenpantion.es\/wp-content\/uploads\/2019\/05\/IMG-20190423-WA0038.jpg 1600w\" sizes=\"(max-width: 1024px) 100vw, 1024px\" \/><\/figure><\/li><li class=\"blocks-gallery-item\"><figure><img loading=\"lazy\" width=\"1024\" height=\"768\" src=\"http:\/\/www.iescarmenpantion.es\/wp-content\/uploads\/2019\/05\/IMG-20190423-WA0039-1024x768.jpg\" alt=\"\" data-id=\"303\" data-link=\"http:\/\/www.iescarmenpantion.es\/?attachment_id=303\" class=\"wp-image-303\" srcset=\"https:\/\/www.iescarmenpantion.es\/wp-content\/uploads\/2019\/05\/IMG-20190423-WA0039-1024x768.jpg 1024w, https:\/\/www.iescarmenpantion.es\/wp-content\/uploads\/2019\/05\/IMG-20190423-WA0039-300x225.jpg 300w, https:\/\/www.iescarmenpantion.es\/wp-content\/uploads\/2019\/05\/IMG-20190423-WA0039-768x576.jpg 768w, https:\/\/www.iescarmenpantion.es\/wp-content\/uploads\/2019\/05\/IMG-20190423-WA0039.jpg 1600w\" sizes=\"(max-width: 1024px) 100vw, 1024px\" \/><\/figure><\/li><li class=\"blocks-gallery-item\"><figure><img loading=\"lazy\" width=\"1024\" height=\"768\" src=\"http:\/\/www.iescarmenpantion.es\/wp-content\/uploads\/2019\/05\/IMG-20190424-WA0010-1024x768.jpg\" alt=\"\" data-id=\"304\" data-link=\"http:\/\/www.iescarmenpantion.es\/?attachment_id=304\" class=\"wp-image-304\" srcset=\"https:\/\/www.iescarmenpantion.es\/wp-content\/uploads\/2019\/05\/IMG-20190424-WA0010-1024x768.jpg 1024w, https:\/\/www.iescarmenpantion.es\/wp-content\/uploads\/2019\/05\/IMG-20190424-WA0010-300x225.jpg 300w, https:\/\/www.iescarmenpantion.es\/wp-content\/uploads\/2019\/05\/IMG-20190424-WA0010-768x576.jpg 768w, https:\/\/www.iescarmenpantion.es\/wp-content\/uploads\/2019\/05\/IMG-20190424-WA0010.jpg 1600w\" sizes=\"(max-width: 1024px) 100vw, 1024px\" \/><\/figure><\/li><li class=\"blocks-gallery-item\"><figure><img loading=\"lazy\" width=\"768\" height=\"1024\" src=\"http:\/\/www.iescarmenpantion.es\/wp-content\/uploads\/2019\/05\/IMG-20190424-WA0011-768x1024.jpg\" alt=\"\" data-id=\"305\" data-link=\"http:\/\/www.iescarmenpantion.es\/?attachment_id=305\" class=\"wp-image-305\" srcset=\"https:\/\/www.iescarmenpantion.es\/wp-content\/uploads\/2019\/05\/IMG-20190424-WA0011-768x1024.jpg 768w, https:\/\/www.iescarmenpantion.es\/wp-content\/uploads\/2019\/05\/IMG-20190424-WA0011-225x300.jpg 225w, https:\/\/www.iescarmenpantion.es\/wp-content\/uploads\/2019\/05\/IMG-20190424-WA0011.jpg 1200w\" sizes=\"(max-width: 768px) 100vw, 768px\" \/><\/figure><\/li><li class=\"blocks-gallery-item\"><figure><img loading=\"lazy\" width=\"768\" height=\"1024\" src=\"http:\/\/www.iescarmenpantion.es\/wp-content\/uploads\/2019\/05\/IMG-20190424-WA0012-768x1024.jpg\" alt=\"\" data-id=\"306\" data-link=\"http:\/\/www.iescarmenpantion.es\/?attachment_id=306\" class=\"wp-image-306\" srcset=\"https:\/\/www.iescarmenpantion.es\/wp-content\/uploads\/2019\/05\/IMG-20190424-WA0012-768x1024.jpg 768w, https:\/\/www.iescarmenpantion.es\/wp-content\/uploads\/2019\/05\/IMG-20190424-WA0012-225x300.jpg 225w, https:\/\/www.iescarmenpantion.es\/wp-content\/uploads\/2019\/05\/IMG-20190424-WA0012.jpg 1200w\" sizes=\"(max-width: 768px) 100vw, 768px\" \/><\/figure><\/li><li class=\"blocks-gallery-item\"><figure><img loading=\"lazy\" width=\"768\" height=\"1024\" src=\"http:\/\/www.iescarmenpantion.es\/wp-content\/uploads\/2019\/05\/IMG-20190424-WA0013-768x1024.jpg\" alt=\"\" data-id=\"307\" data-link=\"http:\/\/www.iescarmenpantion.es\/?attachment_id=307\" class=\"wp-image-307\" srcset=\"https:\/\/www.iescarmenpantion.es\/wp-content\/uploads\/2019\/05\/IMG-20190424-WA0013-768x1024.jpg 768w, https:\/\/www.iescarmenpantion.es\/wp-content\/uploads\/2019\/05\/IMG-20190424-WA0013-225x300.jpg 225w, https:\/\/www.iescarmenpantion.es\/wp-content\/uploads\/2019\/05\/IMG-20190424-WA0013.jpg 1200w\" sizes=\"(max-width: 768px) 100vw, 768px\" \/><\/figure><\/li><li class=\"blocks-gallery-item\"><figure><img loading=\"lazy\" width=\"768\" height=\"1024\" src=\"http:\/\/www.iescarmenpantion.es\/wp-content\/uploads\/2019\/05\/IMG-20190424-WA0014-768x1024.jpg\" alt=\"\" data-id=\"308\" data-link=\"http:\/\/www.iescarmenpantion.es\/?attachment_id=308\" class=\"wp-image-308\" srcset=\"https:\/\/www.iescarmenpantion.es\/wp-content\/uploads\/2019\/05\/IMG-20190424-WA0014-768x1024.jpg 768w, https:\/\/www.iescarmenpantion.es\/wp-content\/uploads\/2019\/05\/IMG-20190424-WA0014-225x300.jpg 225w, https:\/\/www.iescarmenpantion.es\/wp-content\/uploads\/2019\/05\/IMG-20190424-WA0014.jpg 1200w\" sizes=\"(max-width: 768px) 100vw, 768px\" \/><\/figure><\/li><li class=\"blocks-gallery-item\"><figure><img loading=\"lazy\" width=\"768\" height=\"1024\" src=\"http:\/\/www.iescarmenpantion.es\/wp-content\/uploads\/2019\/05\/IMG-20190424-WA0015-768x1024.jpg\" alt=\"\" data-id=\"309\" data-link=\"http:\/\/www.iescarmenpantion.es\/?attachment_id=309\" class=\"wp-image-309\" srcset=\"https:\/\/www.iescarmenpantion.es\/wp-content\/uploads\/2019\/05\/IMG-20190424-WA0015-768x1024.jpg 768w, https:\/\/www.iescarmenpantion.es\/wp-content\/uploads\/2019\/05\/IMG-20190424-WA0015-225x300.jpg 225w, https:\/\/www.iescarmenpantion.es\/wp-content\/uploads\/2019\/05\/IMG-20190424-WA0015.jpg 1200w\" sizes=\"(max-width: 768px) 100vw, 768px\" \/><\/figure><\/li><li class=\"blocks-gallery-item\"><figure><img loading=\"lazy\" width=\"768\" height=\"1024\" src=\"http:\/\/www.iescarmenpantion.es\/wp-content\/uploads\/2019\/05\/IMG-20190424-WA0016-768x1024.jpg\" alt=\"\" data-id=\"310\" data-link=\"http:\/\/www.iescarmenpantion.es\/?attachment_id=310\" class=\"wp-image-310\" srcset=\"https:\/\/www.iescarmenpantion.es\/wp-content\/uploads\/2019\/05\/IMG-20190424-WA0016-768x1024.jpg 768w, https:\/\/www.iescarmenpantion.es\/wp-content\/uploads\/2019\/05\/IMG-20190424-WA0016-225x300.jpg 225w, https:\/\/www.iescarmenpantion.es\/wp-content\/uploads\/2019\/05\/IMG-20190424-WA0016.jpg 1200w\" sizes=\"(max-width: 768px) 100vw, 768px\" \/><\/figure><\/li><li class=\"blocks-gallery-item\"><figure><img loading=\"lazy\" width=\"768\" height=\"1024\" src=\"http:\/\/www.iescarmenpantion.es\/wp-content\/uploads\/2019\/05\/IMG-20190424-WA0017-768x1024.jpg\" alt=\"\" data-id=\"311\" data-link=\"http:\/\/www.iescarmenpantion.es\/?attachment_id=311\" class=\"wp-image-311\" srcset=\"https:\/\/www.iescarmenpantion.es\/wp-content\/uploads\/2019\/05\/IMG-20190424-WA0017-768x1024.jpg 768w, https:\/\/www.iescarmenpantion.es\/wp-content\/uploads\/2019\/05\/IMG-20190424-WA0017-225x300.jpg 225w, https:\/\/www.iescarmenpantion.es\/wp-content\/uploads\/2019\/05\/IMG-20190424-WA0017.jpg 1200w\" sizes=\"(max-width: 768px) 100vw, 768px\" \/><\/figure><\/li><li class=\"blocks-gallery-item\"><figure><img loading=\"lazy\" width=\"768\" height=\"1024\" src=\"http:\/\/www.iescarmenpantion.es\/wp-content\/uploads\/2019\/05\/IMG-20190424-WA0018-768x1024.jpg\" alt=\"\" data-id=\"312\" data-link=\"http:\/\/www.iescarmenpantion.es\/?attachment_id=312\" class=\"wp-image-312\" srcset=\"https:\/\/www.iescarmenpantion.es\/wp-content\/uploads\/2019\/05\/IMG-20190424-WA0018-768x1024.jpg 768w, https:\/\/www.iescarmenpantion.es\/wp-content\/uploads\/2019\/05\/IMG-20190424-WA0018-225x300.jpg 225w, https:\/\/www.iescarmenpantion.es\/wp-content\/uploads\/2019\/05\/IMG-20190424-WA0018.jpg 1200w\" sizes=\"(max-width: 768px) 100vw, 768px\" \/><\/figure><\/li><li class=\"blocks-gallery-item\"><figure><img loading=\"lazy\" width=\"768\" height=\"1024\" src=\"http:\/\/www.iescarmenpantion.es\/wp-content\/uploads\/2019\/05\/IMG-20190424-WA0019-768x1024.jpg\" alt=\"\" data-id=\"313\" data-link=\"http:\/\/www.iescarmenpantion.es\/?attachment_id=313\" class=\"wp-image-313\" srcset=\"https:\/\/www.iescarmenpantion.es\/wp-content\/uploads\/2019\/05\/IMG-20190424-WA0019-768x1024.jpg 768w, https:\/\/www.iescarmenpantion.es\/wp-content\/uploads\/2019\/05\/IMG-20190424-WA0019-225x300.jpg 225w, https:\/\/www.iescarmenpantion.es\/wp-content\/uploads\/2019\/05\/IMG-20190424-WA0019.jpg 1200w\" sizes=\"(max-width: 768px) 100vw, 768px\" \/><\/figure><\/li><li class=\"blocks-gallery-item\"><figure><img loading=\"lazy\" width=\"768\" height=\"1024\" src=\"http:\/\/www.iescarmenpantion.es\/wp-content\/uploads\/2019\/05\/IMG-20190424-WA0020-768x1024.jpg\" alt=\"\" data-id=\"314\" data-link=\"http:\/\/www.iescarmenpantion.es\/?attachment_id=314\" class=\"wp-image-314\" srcset=\"https:\/\/www.iescarmenpantion.es\/wp-content\/uploads\/2019\/05\/IMG-20190424-WA0020-768x1024.jpg 768w, https:\/\/www.iescarmenpantion.es\/wp-content\/uploads\/2019\/05\/IMG-20190424-WA0020-225x300.jpg 225w, https:\/\/www.iescarmenpantion.es\/wp-content\/uploads\/2019\/05\/IMG-20190424-WA0020.jpg 1200w\" sizes=\"(max-width: 768px) 100vw, 768px\" \/><\/figure><\/li><\/ul>\n","protected":false},"excerpt":{"rendered":"<p>Como os prometimos en el acto de clausura del X Certamen de Microrrelatos, os traemos a nuestra web los premiados. &hellip; <\/p>\n","protected":false},"author":1,"featured_media":245,"comment_status":"closed","ping_status":"open","sticky":false,"template":"","format":"standard","meta":[],"categories":[6],"tags":[],"_links":{"self":[{"href":"https:\/\/www.iescarmenpantion.es\/index.php?rest_route=\/wp\/v2\/posts\/294"}],"collection":[{"href":"https:\/\/www.iescarmenpantion.es\/index.php?rest_route=\/wp\/v2\/posts"}],"about":[{"href":"https:\/\/www.iescarmenpantion.es\/index.php?rest_route=\/wp\/v2\/types\/post"}],"author":[{"embeddable":true,"href":"https:\/\/www.iescarmenpantion.es\/index.php?rest_route=\/wp\/v2\/users\/1"}],"replies":[{"embeddable":true,"href":"https:\/\/www.iescarmenpantion.es\/index.php?rest_route=%2Fwp%2Fv2%2Fcomments&post=294"}],"version-history":[{"count":1,"href":"https:\/\/www.iescarmenpantion.es\/index.php?rest_route=\/wp\/v2\/posts\/294\/revisions"}],"predecessor-version":[{"id":315,"href":"https:\/\/www.iescarmenpantion.es\/index.php?rest_route=\/wp\/v2\/posts\/294\/revisions\/315"}],"wp:featuredmedia":[{"embeddable":true,"href":"https:\/\/www.iescarmenpantion.es\/index.php?rest_route=\/wp\/v2\/media\/245"}],"wp:attachment":[{"href":"https:\/\/www.iescarmenpantion.es\/index.php?rest_route=%2Fwp%2Fv2%2Fmedia&parent=294"}],"wp:term":[{"taxonomy":"category","embeddable":true,"href":"https:\/\/www.iescarmenpantion.es\/index.php?rest_route=%2Fwp%2Fv2%2Fcategories&post=294"},{"taxonomy":"post_tag","embeddable":true,"href":"https:\/\/www.iescarmenpantion.es\/index.php?rest_route=%2Fwp%2Fv2%2Ftags&post=294"}],"curies":[{"name":"wp","href":"https:\/\/api.w.org\/{rel}","templated":true}]}}