{"id":326,"date":"2019-05-27T11:56:38","date_gmt":"2019-05-27T11:56:38","guid":{"rendered":"http:\/\/www.iescarmenpantion.es\/?p=326"},"modified":"2019-05-27T11:56:40","modified_gmt":"2019-05-27T11:56:40","slug":"clausura-forma-joven-2019","status":"publish","type":"post","link":"https:\/\/www.iescarmenpantion.es\/?p=326","title":{"rendered":"Clausura Forma Joven 2019"},"content":{"rendered":"\n<ul class=\"wp-block-gallery columns-2 is-cropped\"><li class=\"blocks-gallery-item\"><figure><img loading=\"lazy\" width=\"1024\" height=\"768\" src=\"http:\/\/www.iescarmenpantion.es\/wp-content\/uploads\/2019\/05\/IMG_4997-1024x768.jpg\" alt=\"\" data-id=\"322\" data-link=\"http:\/\/www.iescarmenpantion.es\/?attachment_id=322\" class=\"wp-image-322\" srcset=\"https:\/\/www.iescarmenpantion.es\/wp-content\/uploads\/2019\/05\/IMG_4997-1024x768.jpg 1024w, https:\/\/www.iescarmenpantion.es\/wp-content\/uploads\/2019\/05\/IMG_4997-300x225.jpg 300w, https:\/\/www.iescarmenpantion.es\/wp-content\/uploads\/2019\/05\/IMG_4997-768x576.jpg 768w\" sizes=\"(max-width: 1024px) 100vw, 1024px\" \/><\/figure><\/li><li class=\"blocks-gallery-item\"><figure><img loading=\"lazy\" width=\"1024\" height=\"768\" src=\"http:\/\/www.iescarmenpantion.es\/wp-content\/uploads\/2019\/05\/IMG_5003-1024x768.jpg\" alt=\"\" data-id=\"323\" data-link=\"http:\/\/www.iescarmenpantion.es\/?attachment_id=323\" class=\"wp-image-323\" srcset=\"https:\/\/www.iescarmenpantion.es\/wp-content\/uploads\/2019\/05\/IMG_5003-1024x768.jpg 1024w, https:\/\/www.iescarmenpantion.es\/wp-content\/uploads\/2019\/05\/IMG_5003-300x225.jpg 300w, https:\/\/www.iescarmenpantion.es\/wp-content\/uploads\/2019\/05\/IMG_5003-768x576.jpg 768w\" sizes=\"(max-width: 1024px) 100vw, 1024px\" \/><\/figure><\/li><\/ul>\n\n\n<p><!--StartFragment--><\/p>\n\n\n<p>Hoy d\u00eda 27 de mayo de 2019 se ha procedido a la clausura del programa Forma Joven que se lleva desarrollando durante todo el curso en nuestro IES.<\/p>\n\n\n\n<p>Al acto han asistido responsables de Servicios Sociales del Ayuntamiento y del Centro de Salud de Priego de C\u00f3rdoba, el coordinador de programa en el IES y el equipo directivo.<\/p>\n\n\n\n<p>Quisi\u00e9ramos agradecer a todos la labor, implicaci\u00f3n y dedicaci\u00f3n que han tenido en el desarrollo de este programa.<\/p>\n\n\n<p><!--EndFragment--><\/p>","protected":false},"excerpt":{"rendered":"<p>Hoy d\u00eda 27 de mayo de 2019 se ha procedido a la clausura del programa Forma Joven que se lleva &hellip; <\/p>\n","protected":false},"author":1,"featured_media":321,"comment_status":"closed","ping_status":"open","sticky":false,"template":"","format":"standard","meta":[],"categories":[11],"tags":[],"_links":{"self":[{"href":"https:\/\/www.iescarmenpantion.es\/index.php?rest_route=\/wp\/v2\/posts\/326"}],"collection":[{"href":"https:\/\/www.iescarmenpantion.es\/index.php?rest_route=\/wp\/v2\/posts"}],"about":[{"href":"https:\/\/www.iescarmenpantion.es\/index.php?rest_route=\/wp\/v2\/types\/post"}],"author":[{"embeddable":true,"href":"https:\/\/www.iescarmenpantion.es\/index.php?rest_route=\/wp\/v2\/users\/1"}],"replies":[{"embeddable":true,"href":"https:\/\/www.iescarmenpantion.es\/index.php?rest_route=%2Fwp%2Fv2%2Fcomments&post=326"}],"version-history":[{"count":1,"href":"https:\/\/www.iescarmenpantion.es\/index.php?rest_route=\/wp\/v2\/posts\/326\/revisions"}],"predecessor-version":[{"id":327,"href":"https:\/\/www.iescarmenpantion.es\/index.php?rest_route=\/wp\/v2\/posts\/326\/revisions\/327"}],"wp:featuredmedia":[{"embeddable":true,"href":"https:\/\/www.iescarmenpantion.es\/index.php?rest_route=\/wp\/v2\/media\/321"}],"wp:attachment":[{"href":"https:\/\/www.iescarmenpantion.es\/index.php?rest_route=%2Fwp%2Fv2%2Fmedia&parent=326"}],"wp:term":[{"taxonomy":"category","embeddable":true,"href":"https:\/\/www.iescarmenpantion.es\/index.php?rest_route=%2Fwp%2Fv2%2Fcategories&post=326"},{"taxonomy":"post_tag","embeddable":true,"href":"https:\/\/www.iescarmenpantion.es\/index.php?rest_route=%2Fwp%2Fv2%2Ftags&post=326"}],"curies":[{"name":"wp","href":"https:\/\/api.w.org\/{rel}","templated":true}]}}