{"id":421,"date":"2020-04-23T09:38:40","date_gmt":"2020-04-23T09:38:40","guid":{"rendered":"http:\/\/www.iescarmenpantion.es\/?p=421"},"modified":"2020-04-23T10:03:39","modified_gmt":"2020-04-23T10:03:39","slug":"ganadores-xi-certamen-de-microrrelatos-con-la-tematica-violencia-de-genero-buen-trato-y-relaciones-saludables","status":"publish","type":"post","link":"https:\/\/www.iescarmenpantion.es\/?p=421","title":{"rendered":"Ganadores XI Certamen de Microrrelatos con la tem\u00e1tica VIOLENCIA DE G\u00c9NERO: BUEN TRATO Y RELACIONES SALUDABLES"},"content":{"rendered":"\n<p>ACTA FINAL&nbsp;&nbsp;&nbsp;&nbsp;&nbsp; XI\nCERTAMEN DE MICRORRELATOS \u201cIES CARMEN PANTI\u00d3N\u201d&nbsp;\n2020<\/p>\n\n\n\n<p>Reunido el Jurado telem\u00e1ticamente\nel 20 de abril de 2020 a las 5 de la tarde; una vez le\u00eddos todos los\nmicrorrelatos presentados y realizadas las deliberaciones oportunas; el Jurado\n-miembros del Departamento de Lengua Castellana y Literatura- decide, por\nunanimidad de sus componentes, otorgar los siguientes premios:<\/p>\n\n\n\n<ul><li><strong>Primer premio\nde 1\u00ba y 2\u00ba E.S.O. valorado\nen 150 \u20ac &nbsp;<\/strong><strong><\/strong><\/li><\/ul>\n\n\n\n<p><strong>\u00a0\u00a0\u00a0\u00a0\u00a0\u00a0\u00a0\u00a0\u00a0\u00a0\u00a0\u00a0\u00a0\u00a0 \u00a0<\/strong><em>\u00a0\u00a0\u00a0\u00a0\u00a0Elena Pulido Exp\u00f3sito\u00a0 \u00a0\u00a0\u00a0\u00a01\u00baESO C \u00a0\u00a0\u00a0\u00a0\u00a0IES \u00c1lvarez Cubero<\/em><strong>\u00a0\u00a0\u00a0\u00a0\u00a0\u00a0\u00a0\u00a0\u00a0\u00a0\u00a0\u00a0\u00a0\u00a0\u00a0\u00a0\u00a0 <\/strong><\/p>\n\n\n\n<ul><li><strong>Acc\u00e9sit 1\u00ba y\n2\u00ba E.S.O.<\/strong><strong><\/strong><\/li><\/ul>\n\n\n\n<p><em>&nbsp;&nbsp;&nbsp;&nbsp;&nbsp;&nbsp; &nbsp;&nbsp;&nbsp;&nbsp;&nbsp;&nbsp;&nbsp;&nbsp;&nbsp;&nbsp;&nbsp;&nbsp;&nbsp;Enrique Aguayo Rivera<\/em><em>&nbsp;&nbsp;&nbsp;\n2\u00ba ESO&nbsp; A&nbsp;&nbsp; IES Carmen Panti\u00f3n <\/em><\/p>\n\n\n\n<ul><li><strong>Primer premio\nde 3\u00ba y 4\u00ba E.S.O. valorado\nen 150\u20ac <\/strong><strong><\/strong><\/li><\/ul>\n\n\n\n<p><em>\u00a0\u00a0\u00a0\u00a0\u00a0\u00a0\u00a0\u00a0 \u00a0\u00a0\u00a0\u00a0\u00a0\u00a0\u00a0\u00a0\u00a0\u00a0\u00a0Francisco Ruiz Lozano \u00a0\u00a0\u00a0\u00a0\u00a0\u00a04\u00ba ESO C\u00a0 \u00a0\u00a0\u00a0IES Carmen Panti\u00f3n<\/em><\/p>\n\n\n\n<ul><li><strong>&nbsp;<\/strong><strong>Acc\u00e9sit 3\u00ba y 4\u00ba E.S.O. <\/strong><strong><\/strong><\/li><\/ul>\n\n\n\n<p><em>&nbsp; &nbsp;&nbsp;&nbsp;&nbsp;&nbsp;&nbsp;&nbsp;&nbsp;&nbsp;&nbsp;&nbsp;&nbsp;&nbsp;&nbsp;&nbsp;&nbsp;&nbsp;&nbsp;&nbsp;Luc\u00eda Campa\u00f1a Berm\u00fadez<\/em><em>&nbsp; &nbsp;&nbsp;&nbsp;&nbsp;&nbsp;3\u00ba ESO C<\/em><em>&nbsp;&nbsp;&nbsp;&nbsp; IES\nCarmen Panti\u00f3n<\/em><\/p>\n\n\n\n<ul><li><strong>Primer premio\nde Bachillerato y Ciclos Formativos Grado Superior valorado en 150 \u20ac <\/strong><strong><\/strong><\/li><\/ul>\n\n\n\n<p><em>\u00a0\u00a0\u00a0\u00a0\u00a0\u00a0\u00a0\u00a0           Clara Ram\u00edrez Povedano\u00a0\u00a0\u00a0 1\u00ba Bachillerato HCS\u00a0\u00a0\u00a0\u00a0\u00a0 IES Carmen Panti\u00f3n<\/em><\/p>\n\n\n\n<ul><li><strong>Acc\u00e9sit Bachillerato\ny Ciclos Formativos Grado Superior<\/strong><strong><\/strong><\/li><\/ul>\n\n\n\n<p><em>\u00a0 \u00a0\u00a0\u00a0\u00a0\u00a0\u00a0\u00a0\u00a0\u00a0\u00a0\u00a0\u00a0\u00a0\u00a0\u00a0\u00a0Alicia Ruiz Lozano\u00a0\u00a0\u00a0 2\u00ba\u00a0\u00a0 Bach. CT\u00a0\u00a0 IES Carmen Panti\u00f3n<\/em><\/p>\n\n\n\n<ul><li><strong>Primer premio\nde E.S.P.A. , F.P.B. y Ciclos Formativos Grado Medio valorado\nen 150 \u20ac <\/strong><strong><\/strong><\/li><\/ul>\n\n\n\n<p><em>&nbsp;&nbsp;&nbsp; &nbsp;&nbsp;&nbsp;&nbsp;&nbsp;&nbsp;&nbsp;&nbsp;&nbsp;&nbsp;&nbsp;&nbsp;&nbsp;&nbsp;Mar\u00eda Araceli Aguilera Serrano<\/em><em>&nbsp;&nbsp;\n2\u00ba&nbsp; ESPA&nbsp;&nbsp; IES Carmen Panti\u00f3n<\/em><\/p>\n\n\n\n<ul><li><strong>Acc\u00e9sit &nbsp;E.S.P.A. , F.P.B. y Ciclos Formativos Grado Medio<\/strong><strong><\/strong><\/li><\/ul>\n\n\n\n<p><em>\u00a0\u00a0\u00a0\u00a0\u00a0\u00a0\u00a0\u00a0\u00a0\u00a0\u00a0\u00a0\u00a0\u00a0\u00a0\u00a0\u00a0\u00a0Conchi Y\u00e9benes P\u00e9rez\u00a0 \u00a0\u00a02\u00ba ESPA\u00a0\u00a0\u00a0\u00a0 IES Carmen Panti\u00f3n<\/em><\/p>\n\n\n\n<figure class=\"wp-block-image size-large\"><img loading=\"lazy\" width=\"676\" height=\"683\" src=\"http:\/\/www.iescarmenpantion.es\/wp-content\/uploads\/2020\/01\/logospacto.jpg\" alt=\"\" class=\"wp-image-346\" srcset=\"https:\/\/www.iescarmenpantion.es\/wp-content\/uploads\/2020\/01\/logospacto.jpg 676w, https:\/\/www.iescarmenpantion.es\/wp-content\/uploads\/2020\/01\/logospacto-297x300.jpg 297w, https:\/\/www.iescarmenpantion.es\/wp-content\/uploads\/2020\/01\/logospacto-70x70.jpg 70w, https:\/\/www.iescarmenpantion.es\/wp-content\/uploads\/2020\/01\/logospacto-125x125.jpg 125w\" sizes=\"(max-width: 676px) 100vw, 676px\" \/><figcaption> Las actuaciones y medidas preventivas desarrolladas en el IES Carmen Panti\u00f3n est\u00e1n financiadas por el Ministerio de Presidencia, Relaciones con las Cortes e Igualdad para el desarrollo del Pacto de Estado. <\/figcaption><\/figure>\n","protected":false},"excerpt":{"rendered":"<p>ACTA FINAL&nbsp;&nbsp;&nbsp;&nbsp;&nbsp; XI CERTAMEN DE MICRORRELATOS \u201cIES CARMEN PANTI\u00d3N\u201d&nbsp; 2020 Reunido el Jurado telem\u00e1ticamente el 20 de abril de 2020 &hellip; <\/p>\n","protected":false},"author":1,"featured_media":372,"comment_status":"closed","ping_status":"open","sticky":false,"template":"","format":"standard","meta":[],"categories":[6],"tags":[],"_links":{"self":[{"href":"https:\/\/www.iescarmenpantion.es\/index.php?rest_route=\/wp\/v2\/posts\/421"}],"collection":[{"href":"https:\/\/www.iescarmenpantion.es\/index.php?rest_route=\/wp\/v2\/posts"}],"about":[{"href":"https:\/\/www.iescarmenpantion.es\/index.php?rest_route=\/wp\/v2\/types\/post"}],"author":[{"embeddable":true,"href":"https:\/\/www.iescarmenpantion.es\/index.php?rest_route=\/wp\/v2\/users\/1"}],"replies":[{"embeddable":true,"href":"https:\/\/www.iescarmenpantion.es\/index.php?rest_route=%2Fwp%2Fv2%2Fcomments&post=421"}],"version-history":[{"count":2,"href":"https:\/\/www.iescarmenpantion.es\/index.php?rest_route=\/wp\/v2\/posts\/421\/revisions"}],"predecessor-version":[{"id":425,"href":"https:\/\/www.iescarmenpantion.es\/index.php?rest_route=\/wp\/v2\/posts\/421\/revisions\/425"}],"wp:featuredmedia":[{"embeddable":true,"href":"https:\/\/www.iescarmenpantion.es\/index.php?rest_route=\/wp\/v2\/media\/372"}],"wp:attachment":[{"href":"https:\/\/www.iescarmenpantion.es\/index.php?rest_route=%2Fwp%2Fv2%2Fmedia&parent=421"}],"wp:term":[{"taxonomy":"category","embeddable":true,"href":"https:\/\/www.iescarmenpantion.es\/index.php?rest_route=%2Fwp%2Fv2%2Fcategories&post=421"},{"taxonomy":"post_tag","embeddable":true,"href":"https:\/\/www.iescarmenpantion.es\/index.php?rest_route=%2Fwp%2Fv2%2Ftags&post=421"}],"curies":[{"name":"wp","href":"https:\/\/api.w.org\/{rel}","templated":true}]}}