{"id":509,"date":"2021-06-15T07:13:00","date_gmt":"2021-06-15T07:13:00","guid":{"rendered":"http:\/\/www.iescarmenpantion.es\/?p=509"},"modified":"2021-06-15T07:23:50","modified_gmt":"2021-06-15T07:23:50","slug":"xii-certamen-de-microrrelatos-ies-carmen-pantion-resumen-y-acta-final","status":"publish","type":"post","link":"https:\/\/www.iescarmenpantion.es\/?p=509","title":{"rendered":"XII CERTAMEN DE MICRORRELATOS \u201cIES CARMEN PANTI\u00d3N\u201d &#8211;  Resumen y Acta final."},"content":{"rendered":"\n<p><strong>&nbsp;&nbsp;<\/strong><\/p>\n\n\n\n<figure class=\"wp-block-image size-large\"><img loading=\"lazy\" width=\"721\" height=\"1024\" src=\"http:\/\/www.iescarmenpantion.es\/wp-content\/uploads\/2021\/01\/cartel-721x1024.jpg\" alt=\"\" class=\"wp-image-502\" srcset=\"https:\/\/www.iescarmenpantion.es\/wp-content\/uploads\/2021\/01\/cartel-721x1024.jpg 721w, https:\/\/www.iescarmenpantion.es\/wp-content\/uploads\/2021\/01\/cartel-211x300.jpg 211w, https:\/\/www.iescarmenpantion.es\/wp-content\/uploads\/2021\/01\/cartel-768x1091.jpg 768w, https:\/\/www.iescarmenpantion.es\/wp-content\/uploads\/2021\/01\/cartel-1081x1536.jpg 1081w, https:\/\/www.iescarmenpantion.es\/wp-content\/uploads\/2021\/01\/cartel-1441x2048.jpg 1441w, https:\/\/www.iescarmenpantion.es\/wp-content\/uploads\/2021\/01\/cartel-scaled.jpg 1801w\" sizes=\"(max-width: 721px) 100vw, 721px\" \/><\/figure>\n\n\n\n<p><strong>Otro a\u00f1o m\u00e1s hemos celebrado en el centro nuestro Certamen de Microrrelatos y nuevamente, nos hemos sumado a la convocatoria del Pacto de Estado financiada por el Ministerio de Presidencia, Relaciones con las Cortes e Igualdad, este a\u00f1o con el tema:<\/strong><\/p>\n\n\n\n<p><strong>Violencia de G\u00e9nero: Desmontando estereotipos. Publicidad, cine, canciones y videojuegos.<\/strong><\/p>\n\n\n\n<p><strong>El certamen comenz\u00f3 a desarrollarse en noviembre cuando comenz\u00f3 el II Concurso de Dise\u00f1o del Logo-Mural organizado por el Dept. de EPVA y el Dept. de LCL; de la idea de BLANCA AGUILERA L\u00d3PEZ de 4\u00ba ESO C se&nbsp; dise\u00f1\u00f3 el logo de este a\u00f1o.<\/strong><\/p>\n\n\n\n<p><strong>En enero comenz\u00e1bamos con la labor de nuestros escritores, todos los alumnos del centro redactaban un microrrelato, el jurado (Dept. de Lengua Castellana y Literatura) era el encargado de la selecci\u00f3n; tambi\u00e9n recibimos los microrrelatos de otros centros de la localidad (Colegio Nuestra Se\u00f1ora de Las Angustias, IES \u00c1lvarez Cubero e IES Fernando III El Santo). Con esta primera fase se lleg\u00f3 a la selecci\u00f3n del alumnado que participar\u00eda en la segunda prueba de la que se obtendr\u00eda la clasificaci\u00f3n final y nuestros ganadores.<\/strong><\/p>\n\n\n\n<p><strong>CLASIFICADOS 1\u00aa FASE<\/strong><\/p>\n\n\n\n<p><strong>1\u00ba y 2\u00ba ESO<\/strong><\/p>\n\n\n\n<p>La partitura de la vida&nbsp;&nbsp;&nbsp; MAR\u00cdA AGUAYO COBO&nbsp; 1\u00baESO B&nbsp;&nbsp;&nbsp;&nbsp;&nbsp;&nbsp;&nbsp;&nbsp; (IES Carmen Panti\u00f3n)<\/p>\n\n\n\n<p>Donkey Kong&nbsp;&nbsp;&nbsp;&nbsp;&nbsp;&nbsp;&nbsp;&nbsp;&nbsp;&nbsp;&nbsp;&nbsp;&nbsp;&nbsp;&nbsp;&nbsp;&nbsp;&nbsp; AURORA HERRERO JURADO&nbsp; 2\u00ba ESO<\/p>\n\n\n\n<p>&nbsp;&nbsp;&nbsp;&nbsp;&nbsp;&nbsp;&nbsp; &nbsp;&nbsp;&nbsp;&nbsp;&nbsp;&nbsp;&nbsp;&nbsp;&nbsp;&nbsp;&nbsp;&nbsp;&nbsp;&nbsp;&nbsp;&nbsp;&nbsp;&nbsp;&nbsp;&nbsp;&nbsp;&nbsp;&nbsp;&nbsp;&nbsp;&nbsp;&nbsp;&nbsp;&nbsp;&nbsp;&nbsp;&nbsp;&nbsp;&nbsp;&nbsp;&nbsp;&nbsp;&nbsp;&nbsp;&nbsp;&nbsp;&nbsp;&nbsp;&nbsp;&nbsp;&nbsp;&nbsp;&nbsp;&nbsp;&nbsp;&nbsp;&nbsp;&nbsp;&nbsp;(Colegio Nuestra Se\u00f1ora de las Angustias)<\/p>\n\n\n\n<p>El casting&nbsp;&nbsp;&nbsp;&nbsp;&nbsp;&nbsp;&nbsp;&nbsp;&nbsp;&nbsp;&nbsp;&nbsp;&nbsp;&nbsp;&nbsp;&nbsp;&nbsp;&nbsp;&nbsp;&nbsp;&nbsp; LAURA MURIEL VIDA 1\u00ba ESO<\/p>\n\n\n\n<p>&nbsp;&nbsp;&nbsp;&nbsp;&nbsp;&nbsp;&nbsp;&nbsp;&nbsp;&nbsp;&nbsp;&nbsp;&nbsp;&nbsp;&nbsp;&nbsp; &nbsp;&nbsp;&nbsp;&nbsp;&nbsp;&nbsp;&nbsp;&nbsp;&nbsp;&nbsp;&nbsp;&nbsp;&nbsp;&nbsp;&nbsp;&nbsp;&nbsp;&nbsp;&nbsp;&nbsp;&nbsp;&nbsp;&nbsp;&nbsp;&nbsp;&nbsp;&nbsp;&nbsp;&nbsp;&nbsp;&nbsp;&nbsp;&nbsp;&nbsp;&nbsp;&nbsp;&nbsp;&nbsp;&nbsp;&nbsp;&nbsp;&nbsp;&nbsp;&nbsp;&nbsp;(Colegio Nuestra Se\u00f1ora de las Angustias)<\/p>\n\n\n\n<p>Superman &nbsp;&nbsp;&nbsp;&nbsp;&nbsp;&nbsp;&nbsp;&nbsp;&nbsp;&nbsp;&nbsp;&nbsp;&nbsp;&nbsp;&nbsp;&nbsp;&nbsp;&nbsp;&nbsp;&nbsp;&nbsp;LUIS ROJAS MORENO 2\u00ba ESO&nbsp;<\/p>\n\n\n\n<p>&nbsp;&nbsp;&nbsp;&nbsp;&nbsp; &nbsp;&nbsp;&nbsp;&nbsp;&nbsp;&nbsp;&nbsp;&nbsp;&nbsp;&nbsp;&nbsp;&nbsp;&nbsp;&nbsp;&nbsp;&nbsp;&nbsp;&nbsp;&nbsp;&nbsp;&nbsp;&nbsp;&nbsp;&nbsp;&nbsp;&nbsp;&nbsp;&nbsp;&nbsp;&nbsp;&nbsp;&nbsp;&nbsp;&nbsp;&nbsp;&nbsp;&nbsp;&nbsp;&nbsp;&nbsp;&nbsp;&nbsp;&nbsp;&nbsp;&nbsp;&nbsp;&nbsp;&nbsp;&nbsp;&nbsp;&nbsp;&nbsp;&nbsp;&nbsp;&nbsp;&nbsp;(Colegio Nuestra Se\u00f1ora de las Angustias)<\/p>\n\n\n\n<p><strong>3\u00ba y 4\u00ba ESO<\/strong><\/p>\n\n\n\n<p>El momento&nbsp;&nbsp;&nbsp;&nbsp;&nbsp;&nbsp;&nbsp;&nbsp; LUC\u00cdA \u00c1VALOS L\u00d3PEZ&nbsp;&nbsp;&nbsp;&nbsp; 4\u00ba ESO&nbsp;&nbsp;&nbsp;&nbsp;&nbsp;&nbsp;&nbsp;&nbsp;&nbsp;&nbsp;&nbsp;&nbsp;&nbsp;&nbsp;&nbsp;&nbsp; (IES \u00c1lvarez Cubero)<\/p>\n\n\n\n<p>Iceberg&nbsp; ISMAEL CALVO DARROCHA&nbsp;&nbsp;&nbsp;&nbsp;&nbsp; 3\u00ba ESO A PMAR II<\/p>\n\n\n\n<p>&nbsp;&nbsp;&nbsp;&nbsp;&nbsp;&nbsp;&nbsp;&nbsp;&nbsp;&nbsp;&nbsp;&nbsp;&nbsp;&nbsp;&nbsp;&nbsp;&nbsp; &nbsp;&nbsp;&nbsp;&nbsp;&nbsp;&nbsp;&nbsp;&nbsp;&nbsp;&nbsp;&nbsp;&nbsp;&nbsp;&nbsp;&nbsp;&nbsp;&nbsp;&nbsp;&nbsp;&nbsp;&nbsp;&nbsp;&nbsp;&nbsp;&nbsp;&nbsp;&nbsp;&nbsp;&nbsp;&nbsp;&nbsp;&nbsp;&nbsp;&nbsp;&nbsp;&nbsp;&nbsp;&nbsp;&nbsp;&nbsp;&nbsp;&nbsp;&nbsp;&nbsp;&nbsp;&nbsp;&nbsp;&nbsp;&nbsp;&nbsp;&nbsp;&nbsp;&nbsp;&nbsp;&nbsp;&nbsp;&nbsp;&nbsp;&nbsp;&nbsp;&nbsp;&nbsp;&nbsp;&nbsp;&nbsp;&nbsp;&nbsp;&nbsp;&nbsp;&nbsp;&nbsp;&nbsp;&nbsp;&nbsp;&nbsp;&nbsp;&nbsp;&nbsp;(IES Carmen Panti\u00f3n)<\/p>\n\n\n\n<p>Llamas en el castillo JOS\u00c9 L. COBO AGUILERA 3\u00baESO A PMARII<\/p>\n\n\n\n<p>&nbsp;&nbsp;&nbsp;&nbsp;&nbsp;&nbsp;&nbsp;&nbsp; &nbsp;&nbsp;&nbsp;&nbsp;&nbsp;&nbsp;&nbsp;&nbsp;&nbsp;&nbsp;&nbsp;&nbsp;&nbsp;&nbsp;&nbsp;&nbsp;&nbsp;&nbsp;&nbsp;&nbsp;&nbsp;&nbsp;&nbsp;&nbsp;&nbsp;&nbsp;&nbsp;&nbsp;&nbsp;&nbsp;&nbsp;&nbsp;&nbsp;&nbsp;&nbsp;&nbsp;&nbsp;&nbsp;&nbsp;&nbsp;&nbsp;&nbsp;&nbsp;&nbsp;&nbsp;&nbsp;&nbsp;&nbsp;&nbsp;&nbsp;&nbsp;&nbsp;&nbsp;&nbsp;&nbsp;&nbsp;&nbsp;&nbsp;&nbsp;&nbsp;&nbsp;&nbsp;&nbsp;&nbsp;&nbsp;&nbsp;&nbsp;&nbsp;&nbsp;&nbsp;&nbsp;&nbsp;&nbsp;&nbsp;&nbsp;&nbsp;&nbsp;&nbsp;&nbsp;&nbsp;&nbsp;&nbsp;&nbsp;&nbsp;&nbsp;&nbsp;&nbsp;(IES Carmen Panti\u00f3n)&nbsp;&nbsp;&nbsp;&nbsp;&nbsp;&nbsp;&nbsp;&nbsp;&nbsp;&nbsp;&nbsp;&nbsp;&nbsp;&nbsp;<\/p>\n\n\n\n<p>Confianza MARTA GONZ\u00c1LEZ CONTRERAS 3\u00ba ESO A PMAR II<\/p>\n\n\n\n<p>&nbsp;&nbsp;&nbsp;&nbsp;&nbsp;&nbsp;&nbsp;&nbsp;&nbsp;&nbsp;&nbsp;&nbsp;&nbsp;&nbsp;&nbsp;&nbsp;&nbsp;&nbsp;&nbsp;&nbsp;&nbsp;&nbsp;&nbsp;&nbsp;&nbsp;&nbsp;&nbsp;&nbsp;&nbsp;&nbsp;&nbsp;&nbsp;&nbsp;&nbsp;&nbsp;&nbsp;&nbsp;&nbsp;&nbsp;&nbsp;&nbsp;&nbsp;&nbsp;&nbsp;&nbsp;&nbsp;&nbsp;&nbsp;&nbsp;&nbsp;&nbsp;&nbsp;&nbsp;&nbsp;&nbsp;&nbsp;&nbsp;&nbsp;&nbsp;&nbsp;&nbsp;&nbsp;&nbsp;&nbsp;&nbsp;&nbsp;&nbsp;&nbsp;&nbsp;&nbsp;&nbsp;&nbsp;&nbsp;&nbsp;&nbsp;&nbsp;&nbsp;&nbsp;&nbsp;&nbsp;&nbsp;&nbsp;&nbsp;&nbsp;&nbsp;&nbsp;&nbsp;&nbsp;&nbsp;&nbsp;&nbsp;&nbsp;&nbsp;&nbsp;&nbsp; (IES Carmen Panti\u00f3n)<\/p>\n\n\n\n<p>Diferente&nbsp;&nbsp;&nbsp;&nbsp;&nbsp;&nbsp;&nbsp; MAR\u00cdA JIM\u00c9NEZ RAMOS&nbsp;&nbsp;&nbsp;&nbsp;&nbsp; 4\u00ba ESO B&nbsp; &nbsp;&nbsp;&nbsp;&nbsp;&nbsp;&nbsp;&nbsp;&nbsp;&nbsp;&nbsp;&nbsp;&nbsp;&nbsp;(IES Carmen Panti\u00f3n)<\/p>\n\n\n\n<p><strong>BACHILLERATO-Ciclos Formativos Grado Superior<\/strong><\/p>\n\n\n\n<p>Nuestra historia&nbsp;&nbsp; ANDREA EXP\u00d3SITO S\u00c1NCHEZ 1\u00baBach. HCS&nbsp;<\/p>\n\n\n\n<p>&nbsp;&nbsp;&nbsp;&nbsp;&nbsp;&nbsp;&nbsp;&nbsp;&nbsp;&nbsp;&nbsp;&nbsp;&nbsp;&nbsp;&nbsp;&nbsp;&nbsp;&nbsp; &nbsp;&nbsp;&nbsp;&nbsp;&nbsp;&nbsp;&nbsp;&nbsp;&nbsp;&nbsp;&nbsp;&nbsp;&nbsp;&nbsp;&nbsp;&nbsp;&nbsp;&nbsp;&nbsp;&nbsp;&nbsp;&nbsp;&nbsp;&nbsp;&nbsp;&nbsp;&nbsp;&nbsp;&nbsp;&nbsp;&nbsp;&nbsp;&nbsp;&nbsp;&nbsp;&nbsp;&nbsp;&nbsp;&nbsp;&nbsp;&nbsp;&nbsp;&nbsp;&nbsp;&nbsp;&nbsp;&nbsp;&nbsp;&nbsp;&nbsp;&nbsp;&nbsp;&nbsp;&nbsp;&nbsp;&nbsp;&nbsp;&nbsp;&nbsp;&nbsp;&nbsp;&nbsp;&nbsp;&nbsp;&nbsp;&nbsp;&nbsp;&nbsp;&nbsp;&nbsp;&nbsp;&nbsp;&nbsp;&nbsp;&nbsp;&nbsp;&nbsp;(IES Carmen Panti\u00f3n)<\/p>\n\n\n\n<p>Desierto &nbsp;&nbsp;&nbsp;&nbsp;&nbsp;&nbsp;&nbsp;&nbsp;&nbsp;RAFAEL PULIDO CABALLERO&nbsp;&nbsp; 2\u00ba Bach. HCS&nbsp;<\/p>\n\n\n\n<p>&nbsp;&nbsp;&nbsp;&nbsp;&nbsp;&nbsp;&nbsp;&nbsp;&nbsp; &nbsp;&nbsp;&nbsp;&nbsp;&nbsp;&nbsp;&nbsp;&nbsp;&nbsp;&nbsp;&nbsp;&nbsp;&nbsp;&nbsp;&nbsp;&nbsp;&nbsp;&nbsp;&nbsp;&nbsp;&nbsp;&nbsp;&nbsp;&nbsp;&nbsp;&nbsp;&nbsp;&nbsp;&nbsp;&nbsp;&nbsp;&nbsp;&nbsp;&nbsp;&nbsp;&nbsp;&nbsp;&nbsp;&nbsp;&nbsp;&nbsp;&nbsp;&nbsp;&nbsp;&nbsp;&nbsp;&nbsp;&nbsp;&nbsp;&nbsp;&nbsp;&nbsp;&nbsp;&nbsp;&nbsp;&nbsp;&nbsp;&nbsp;&nbsp;&nbsp;&nbsp;&nbsp;&nbsp;&nbsp;&nbsp;&nbsp;&nbsp;&nbsp;&nbsp;&nbsp;&nbsp;&nbsp;&nbsp;&nbsp;&nbsp;&nbsp;&nbsp;&nbsp;&nbsp;&nbsp;&nbsp;&nbsp;&nbsp;&nbsp;&nbsp;&nbsp;(IES Carmen Panti\u00f3n)<\/p>\n\n\n\n<p>La espada que me garantizar\u00e1 protecci\u00f3n&nbsp;&nbsp;&nbsp;&nbsp; CLARA RAM\u00cdREZ POVEDANO&nbsp;&nbsp;&nbsp;&nbsp;&nbsp;<\/p>\n\n\n\n<p>&nbsp; &nbsp;&nbsp;&nbsp;&nbsp;&nbsp;&nbsp;&nbsp;&nbsp;&nbsp;&nbsp;&nbsp;&nbsp;&nbsp;&nbsp;&nbsp;&nbsp;&nbsp;&nbsp;&nbsp;&nbsp;&nbsp;&nbsp;&nbsp;&nbsp;&nbsp;&nbsp;&nbsp;&nbsp;&nbsp;&nbsp;&nbsp;&nbsp;&nbsp;&nbsp;&nbsp;&nbsp;&nbsp;&nbsp;&nbsp;&nbsp;&nbsp;&nbsp;&nbsp;&nbsp;&nbsp;&nbsp;&nbsp;&nbsp;&nbsp;&nbsp;&nbsp;&nbsp;&nbsp;&nbsp;&nbsp;&nbsp;&nbsp;&nbsp;&nbsp;&nbsp;2\u00ba&nbsp; Bach. HCS&nbsp;&nbsp;&nbsp;&nbsp;&nbsp;&nbsp;&nbsp;&nbsp;&nbsp;&nbsp;&nbsp;&nbsp;&nbsp;&nbsp; (IES Carmen Panti\u00f3n)<\/p>\n\n\n\n<p>Esencia de mujer&nbsp; ELENA RUIZ EXP\u00d3SITO&nbsp;&nbsp;&nbsp;&nbsp;&nbsp;&nbsp;&nbsp; 2\u00ba Bach.&nbsp;&nbsp;&nbsp;&nbsp;&nbsp; &nbsp;&nbsp;&nbsp;(IES \u00c1lvarez Cubero)<\/p>\n\n\n\n<p>Tras el tel\u00f3n&nbsp;&nbsp;&nbsp;&nbsp;&nbsp;&nbsp;&nbsp; PAULA RUIZ VALDIVIA&nbsp;&nbsp; 1\u00ba&nbsp; Bach. HCS &nbsp;&nbsp;&nbsp;&nbsp;&nbsp;&nbsp;&nbsp;&nbsp;&nbsp;(IES Carmen Panti\u00f3n)<\/p>\n\n\n\n<p>Un juego de ni\u00f1os&nbsp;&nbsp;&nbsp;&nbsp;&nbsp;&nbsp;&nbsp;&nbsp;&nbsp;&nbsp;&nbsp;&nbsp;&nbsp;&nbsp; VER\u00d3NICA S\u00c1NCHEZ AGUILERA&nbsp;<\/p>\n\n\n\n<p>&nbsp;&nbsp;&nbsp;&nbsp;&nbsp;&nbsp;&nbsp;&nbsp;&nbsp;&nbsp;&nbsp;&nbsp;&nbsp;&nbsp;&nbsp;&nbsp;&nbsp;&nbsp;&nbsp;&nbsp;&nbsp;&nbsp;&nbsp;&nbsp;&nbsp;&nbsp;&nbsp;&nbsp;&nbsp;&nbsp;&nbsp;&nbsp;&nbsp;&nbsp;&nbsp;&nbsp;&nbsp; &nbsp;&nbsp;&nbsp;&nbsp;&nbsp;&nbsp;&nbsp;&nbsp;&nbsp;&nbsp;&nbsp;&nbsp;&nbsp;&nbsp;&nbsp;&nbsp;&nbsp;&nbsp;&nbsp;&nbsp;&nbsp;&nbsp;2\u00ba Bach. Adultos&nbsp;&nbsp;&nbsp;&nbsp;&nbsp;&nbsp;&nbsp;&nbsp; (IES Carmen Panti\u00f3n)<\/p>\n\n\n\n<p>Cineland&nbsp;&nbsp;&nbsp;&nbsp; ZAIDA ZAMBRANO BURGUILLOS 1\u00ba Bach. CT&nbsp;&nbsp;&nbsp;&nbsp;&nbsp;&nbsp;&nbsp; (IES Carmen Panti\u00f3n)<\/p>\n\n\n\n<p><strong>El 9 de abril los clasificados realizaron en sus respectivos centros, por la situaci\u00f3n de la pandemia, la prueba final, en la que se hac\u00eda un peque\u00f1o homenaje a Francisco Brines, premio Cervantes.<\/strong><\/p>\n\n\n\n<p><strong>El 23 de abril en el patio de nuestro centro y guardando todas las medidas de seguridad, se hicieron entrega de los premios de esta duod\u00e9cima edici\u00f3n, a continuaci\u00f3n nos desplazamos a los otros centros para hacer entrega de sus premios a los cuales sumamos un ejemplar de la publicaci\u00f3n de los mejores microrrelatos de este a\u00f1o.<\/strong><\/p>\n\n\n\n<p><strong>ACTA FINAL DEL XII CERTAMEN DE MICRORRELATOS \u201cIES CARMEN PANTI\u00d3N\u201d<\/strong><\/p>\n\n\n\n<p>Reunido el Jurado el 19 de abril de 2021 a las 5 de la tarde y una vez le\u00eddos todos los microrrelatos presentados, despu\u00e9s de valorar la prueba final de los clasificados de la 1\u00aa fase y realizadas las deliberaciones oportunas, el Jurado (Dept. Lengua Castellana y Literatura) decide por unanimidad de sus componentes, otorgar los siguientes premios:<\/p>\n\n\n\n<p><strong>PRIMER PREMIO&nbsp; 1\u00ba y 2\u00ba ESO<\/strong><\/p>\n\n\n\n<p>AURORA HERRERO JURADO&nbsp;&nbsp;&nbsp;&nbsp;&nbsp; 2\u00ba ESO&nbsp;&nbsp;&nbsp;&nbsp;&nbsp;&nbsp;&nbsp;&nbsp;&nbsp;&nbsp;&nbsp;&nbsp;&nbsp; Colegio Nuestra Se\u00f1ora de las Angustias<\/p>\n\n\n\n<p><strong>Acc\u00e9sit&nbsp;&nbsp;&nbsp;&nbsp; 1\u00ba y 2\u00ba ESO<\/strong><\/p>\n\n\n\n<p>MAR\u00cdA AGUAYO COBO&nbsp;&nbsp;&nbsp;&nbsp;&nbsp;&nbsp;&nbsp;&nbsp;&nbsp;&nbsp;&nbsp;&nbsp;&nbsp;&nbsp;&nbsp;&nbsp;&nbsp;&nbsp;&nbsp;&nbsp; 1\u00baESO B&nbsp;&nbsp;&nbsp;&nbsp;&nbsp;&nbsp;&nbsp;&nbsp;&nbsp;&nbsp;&nbsp;&nbsp;&nbsp;&nbsp;&nbsp;&nbsp;&nbsp;&nbsp;&nbsp;&nbsp;&nbsp;&nbsp; IES Carmen Panti\u00f3n<\/p>\n\n\n\n<p><strong>PRIMER PREMIO&nbsp; 3\u00ba y 4\u00ba ESO<\/strong><\/p>\n\n\n\n<p>LUC\u00cdA \u00c1VALOS L\u00d3PEZ&nbsp;&nbsp;&nbsp;&nbsp;&nbsp;&nbsp;&nbsp;&nbsp;&nbsp;&nbsp;&nbsp;&nbsp;&nbsp;&nbsp;&nbsp;&nbsp;&nbsp;&nbsp;&nbsp;&nbsp;&nbsp; 4\u00ba ESO&nbsp;&nbsp;&nbsp;&nbsp;&nbsp;&nbsp;&nbsp;&nbsp;&nbsp;&nbsp;&nbsp;&nbsp;&nbsp;&nbsp;&nbsp;&nbsp;&nbsp;&nbsp;&nbsp;&nbsp;&nbsp;&nbsp;&nbsp;&nbsp; IES \u00c1lvarez Cubero<\/p>\n\n\n\n<p><strong>Acc\u00e9sit&nbsp;&nbsp;&nbsp;&nbsp; 1\u00ba y 2\u00ba ESO&nbsp; <em>Ex Aequo<\/em><\/strong><\/p>\n\n\n\n<p>MAR\u00cdA JIM\u00c9NEZ RAMOS&nbsp;&nbsp;&nbsp;&nbsp;&nbsp;&nbsp;&nbsp;&nbsp;&nbsp;&nbsp;&nbsp;&nbsp;&nbsp;&nbsp;&nbsp;&nbsp;&nbsp;&nbsp; 4\u00ba ESO B&nbsp;&nbsp;&nbsp;&nbsp;&nbsp;&nbsp;&nbsp;&nbsp;&nbsp;&nbsp;&nbsp;&nbsp;&nbsp;&nbsp;&nbsp;&nbsp;&nbsp;&nbsp;&nbsp;&nbsp; IES Carmen Panti\u00f3n<\/p>\n\n\n\n<p><strong>Acc\u00e9sit&nbsp;&nbsp;&nbsp;&nbsp; 1\u00ba y 2\u00ba ESO&nbsp; <em>Ex Aequo<\/em><\/strong><\/p>\n\n\n\n<p>MARTA GONZ\u00c1LEZ CONTRERAS&nbsp;&nbsp;&nbsp; 3\u00ba ESO A&nbsp; PMAR II&nbsp;&nbsp;&nbsp; IES Carmen Panti\u00f3n<\/p>\n\n\n\n<p><strong>PRIMER PREMIO&nbsp; BACHILLERATO-Ciclos Formativos Grado Superior<\/strong><\/p>\n\n\n\n<p>CLARA RAM\u00cdREZ POVEDANO&nbsp;&nbsp; &nbsp;&nbsp;&nbsp;&nbsp;&nbsp;&nbsp;&nbsp;2\u00ba&nbsp; Bach. HCS&nbsp;&nbsp;&nbsp;&nbsp;&nbsp;&nbsp;&nbsp;&nbsp;&nbsp;&nbsp;&nbsp;&nbsp; IES Carmen Panti\u00f3n<\/p>\n\n\n\n<p><strong>Acc\u00e9sit&nbsp;&nbsp;&nbsp;&nbsp; 1\u00ba y 2\u00ba ESO&nbsp;&nbsp; <em>Ex Aequo<\/em><\/strong><\/p>\n\n\n\n<p>ANDREA&nbsp; EXP\u00d3SITO&nbsp; S\u00c1NCHEZ&nbsp;&nbsp;&nbsp;&nbsp;&nbsp;&nbsp; 1\u00ba Bach. HCS&nbsp;&nbsp;&nbsp;&nbsp;&nbsp;&nbsp;&nbsp;&nbsp;&nbsp;&nbsp;&nbsp;&nbsp;&nbsp; IES Carmen Panti\u00f3n<\/p>\n\n\n\n<p><strong>Acc\u00e9sit&nbsp;&nbsp;&nbsp;&nbsp; 1\u00ba y 2\u00ba ESO&nbsp;&nbsp; <em>Ex Aequo<\/em><\/strong><\/p>\n\n\n\n<p>RAFAEL PULIDO CABALLERO&nbsp;&nbsp;&nbsp;&nbsp;&nbsp;&nbsp;&nbsp;&nbsp; 2\u00ba Bach. HCS&nbsp;&nbsp;&nbsp;&nbsp;&nbsp;&nbsp;&nbsp;&nbsp;&nbsp;&nbsp;&nbsp;&nbsp;&nbsp; IES Carmen Panti\u00f3n<\/p>\n\n\n\n<p><strong>Enhorabuena a los premiados, gracias a nuestro director D.Antonio M\u00e9rida Pulido, al Ampa del centro IES Carmen Panti\u00f3n, al Dept. de EPVA, al Dept. de LCL, a las instituciones que han financiado las diferentes actuaciones y a todo el alumnado. Desde estas l\u00edneas os invitamos a la participaci\u00f3n en la decimotercera edici\u00f3n de nuestro Certamen de Microrrelatos y a la lectura de la selecci\u00f3n de los mejores microrrelatos de este a\u00f1o.<\/strong><\/p>\n","protected":false},"excerpt":{"rendered":"<p>&nbsp;&nbsp; Otro a\u00f1o m\u00e1s hemos celebrado en el centro nuestro Certamen de Microrrelatos y nuevamente, nos hemos sumado a la &hellip; <\/p>\n","protected":false},"author":1,"featured_media":502,"comment_status":"closed","ping_status":"open","sticky":false,"template":"","format":"standard","meta":[],"categories":[12,1],"tags":[],"_links":{"self":[{"href":"https:\/\/www.iescarmenpantion.es\/index.php?rest_route=\/wp\/v2\/posts\/509"}],"collection":[{"href":"https:\/\/www.iescarmenpantion.es\/index.php?rest_route=\/wp\/v2\/posts"}],"about":[{"href":"https:\/\/www.iescarmenpantion.es\/index.php?rest_route=\/wp\/v2\/types\/post"}],"author":[{"embeddable":true,"href":"https:\/\/www.iescarmenpantion.es\/index.php?rest_route=\/wp\/v2\/users\/1"}],"replies":[{"embeddable":true,"href":"https:\/\/www.iescarmenpantion.es\/index.php?rest_route=%2Fwp%2Fv2%2Fcomments&post=509"}],"version-history":[{"count":2,"href":"https:\/\/www.iescarmenpantion.es\/index.php?rest_route=\/wp\/v2\/posts\/509\/revisions"}],"predecessor-version":[{"id":511,"href":"https:\/\/www.iescarmenpantion.es\/index.php?rest_route=\/wp\/v2\/posts\/509\/revisions\/511"}],"wp:featuredmedia":[{"embeddable":true,"href":"https:\/\/www.iescarmenpantion.es\/index.php?rest_route=\/wp\/v2\/media\/502"}],"wp:attachment":[{"href":"https:\/\/www.iescarmenpantion.es\/index.php?rest_route=%2Fwp%2Fv2%2Fmedia&parent=509"}],"wp:term":[{"taxonomy":"category","embeddable":true,"href":"https:\/\/www.iescarmenpantion.es\/index.php?rest_route=%2Fwp%2Fv2%2Fcategories&post=509"},{"taxonomy":"post_tag","embeddable":true,"href":"https:\/\/www.iescarmenpantion.es\/index.php?rest_route=%2Fwp%2Fv2%2Ftags&post=509"}],"curies":[{"name":"wp","href":"https:\/\/api.w.org\/{rel}","templated":true}]}}