{"id":90,"date":"2019-04-05T10:04:48","date_gmt":"2019-04-05T10:04:48","guid":{"rendered":"http:\/\/iescarmenpantion.es\/?p=90"},"modified":"2020-02-11T11:35:06","modified_gmt":"2020-02-11T11:35:06","slug":"hello-world-3","status":"publish","type":"post","link":"https:\/\/www.iescarmenpantion.es\/?p=90","title":{"rendered":"ACTUACIONES PACTO ESTADO CONTRA VIOLECIA G\u00c9NERO: ACTUACIONES EN NUESTRO IES."},"content":{"rendered":"\n<p>Nuestro IES va a desarrollar, dentro de la gran actuaci\u00f3n XI Certamen de Microrrelatos con la tem\u00e1tica VIOLENCIA DE G\u00c9NERO: BUEN TRATO Y RELACIONES SALUDABLES, las siguientes actividades:<\/p>\n\n\n\n<p>-Creaci\u00f3n de un logo para el Certamen.<\/p>\n\n\n\n<p>-Charla\/taller sobre Violencia de G\u00e9nero.<\/p>\n\n\n\n<p>-Certamen de microrrelatos.<\/p>\n\n\n\n<p class=\"has-text-align-center has-large-font-size\"><a href=\"http:\/\/www.iescarmenpantion.es\/?cat=12\">ACCESO A TODAS LAS ACTIVIDADES Y ACTUACIONES<\/a><\/p>\n\n\n\n<figure class=\"wp-block-image size-large\"><img loading=\"lazy\" width=\"572\" height=\"572\" src=\"http:\/\/www.iescarmenpantion.es\/wp-content\/uploads\/2019\/04\/unnamed.jpg\" alt=\"\" class=\"wp-image-360\" srcset=\"https:\/\/www.iescarmenpantion.es\/wp-content\/uploads\/2019\/04\/unnamed.jpg 572w, https:\/\/www.iescarmenpantion.es\/wp-content\/uploads\/2019\/04\/unnamed-300x300.jpg 300w, https:\/\/www.iescarmenpantion.es\/wp-content\/uploads\/2019\/04\/unnamed-150x150.jpg 150w, https:\/\/www.iescarmenpantion.es\/wp-content\/uploads\/2019\/04\/unnamed-70x70.jpg 70w, https:\/\/www.iescarmenpantion.es\/wp-content\/uploads\/2019\/04\/unnamed-246x246.jpg 246w, https:\/\/www.iescarmenpantion.es\/wp-content\/uploads\/2019\/04\/unnamed-276x276.jpg 276w, https:\/\/www.iescarmenpantion.es\/wp-content\/uploads\/2019\/04\/unnamed-125x125.jpg 125w\" sizes=\"(max-width: 572px) 100vw, 572px\" \/><figcaption>Las actuaciones y medidas preventivas desarrolladas en el IES Carmen Panti\u00f3n est\u00e1n financiadas por el Ministerio de Presidencia, Relaciones con las Cortes e Igualdad para el desarrollo del Pacto de Estado.<\/figcaption><\/figure>\n","protected":false},"excerpt":{"rendered":"<p>Nuestro IES va a desarrollar, dentro de la gran actuaci\u00f3n XI Certamen de Microrrelatos con la tem\u00e1tica VIOLENCIA DE G\u00c9NERO: &hellip; <\/p>\n","protected":false},"author":1,"featured_media":360,"comment_status":"open","ping_status":"open","sticky":false,"template":"","format":"standard","meta":[],"categories":[12],"tags":[],"_links":{"self":[{"href":"https:\/\/www.iescarmenpantion.es\/index.php?rest_route=\/wp\/v2\/posts\/90"}],"collection":[{"href":"https:\/\/www.iescarmenpantion.es\/index.php?rest_route=\/wp\/v2\/posts"}],"about":[{"href":"https:\/\/www.iescarmenpantion.es\/index.php?rest_route=\/wp\/v2\/types\/post"}],"author":[{"embeddable":true,"href":"https:\/\/www.iescarmenpantion.es\/index.php?rest_route=\/wp\/v2\/users\/1"}],"replies":[{"embeddable":true,"href":"https:\/\/www.iescarmenpantion.es\/index.php?rest_route=%2Fwp%2Fv2%2Fcomments&post=90"}],"version-history":[{"count":12,"href":"https:\/\/www.iescarmenpantion.es\/index.php?rest_route=\/wp\/v2\/posts\/90\/revisions"}],"predecessor-version":[{"id":381,"href":"https:\/\/www.iescarmenpantion.es\/index.php?rest_route=\/wp\/v2\/posts\/90\/revisions\/381"}],"wp:featuredmedia":[{"embeddable":true,"href":"https:\/\/www.iescarmenpantion.es\/index.php?rest_route=\/wp\/v2\/media\/360"}],"wp:attachment":[{"href":"https:\/\/www.iescarmenpantion.es\/index.php?rest_route=%2Fwp%2Fv2%2Fmedia&parent=90"}],"wp:term":[{"taxonomy":"category","embeddable":true,"href":"https:\/\/www.iescarmenpantion.es\/index.php?rest_route=%2Fwp%2Fv2%2Fcategories&post=90"},{"taxonomy":"post_tag","embeddable":true,"href":"https:\/\/www.iescarmenpantion.es\/index.php?rest_route=%2Fwp%2Fv2%2Ftags&post=90"}],"curies":[{"name":"wp","href":"https:\/\/api.w.org\/{rel}","templated":true}]}}